{"id":987522642,"date":"2021-09-29T03:17:06","date_gmt":"2021-09-29T02:17:06","guid":{"rendered":"https:\/\/p4h.world\/news\/reunion-mensuelle-de-coordination-des-ptf-du-secteur-sante\/"},"modified":"2023-03-02T09:58:38","modified_gmt":"2023-03-02T08:58:38","slug":"reunion-mensuelle-de-coordination-des-ptf-du-secteur-sante","status":"publish","type":"news","link":"https:\/\/p4h.world\/fr\/news\/reunion-mensuelle-de-coordination-des-ptf-du-secteur-sante\/","title":{"rendered":"R\u00e9union mensuelle de coordination des PTF du secteur sant\u00e9"},"content":{"rendered":"<p>La r\u00e9union de coordination mensuelle des partenaires du secteur sant\u00e9 s&#8217;est tenue le 15 septembre 2021 sous la pr\u00e9sidence de l&#8217;Union Europ\u00e9enne. <span><span><span><span><span><span>Les pr\u00e9sentations ont port\u00e9 sur la situation de Covid-19 par l\u2019OMS&nbsp;; l\u2019INITIATIVE (Sida, paludisme, tuberculose) par Expertise France en mission \u00e0 Bujumbura&nbsp;; et le programme d\u2019appui du Fonds Mondial par l\u2019ICN.<\/span><\/span><\/span><\/span><\/span><\/span> Aussi un plan de travail a \u00e9t\u00e9 propos\u00e9 avec la constitution des sous-groupes th\u00e9matiques dont celui sur le financement de la sant\u00e9 sous le leadership de P4H\/OMS.<\/p>\n","protected":false},"excerpt":{"rendered":"<p>La r\u00e9union de coordination mensuelle des partenaires du secteur sant\u00e9 s&#8217;est tenue le 15 septembre 2021 sous la pr\u00e9sidence de l&#8217;Union Europ\u00e9enne. Les pr\u00e9sentations ont port\u00e9 sur la situation de Covid-19 par l\u2019OMS&nbsp;; l\u2019INITIATIVE (Sida, paludisme, tuberculose) par Expertise France en mission \u00e0 Bujumbura&nbsp;; et le programme d\u2019appui du Fonds Mondial par l\u2019ICN. Aussi un&#8230;<\/p>\n","protected":false},"author":2097,"featured_media":987528918,"comment_status":"closed","ping_status":"closed","template":"","meta":{"_et_pb_use_builder":"","_et_pb_old_content":"","_et_gb_content_width":""},"categories":[],"tags":[],"acf":[],"_links":{"self":[{"href":"https:\/\/p4h.world\/fr\/wp-json\/wp\/v2\/news\/987522642"}],"collection":[{"href":"https:\/\/p4h.world\/fr\/wp-json\/wp\/v2\/news"}],"about":[{"href":"https:\/\/p4h.world\/fr\/wp-json\/wp\/v2\/types\/news"}],"author":[{"embeddable":true,"href":"https:\/\/p4h.world\/fr\/wp-json\/wp\/v2\/users\/2097"}],"replies":[{"embeddable":true,"href":"https:\/\/p4h.world\/fr\/wp-json\/wp\/v2\/comments?post=987522642"}],"version-history":[{"count":0,"href":"https:\/\/p4h.world\/fr\/wp-json\/wp\/v2\/news\/987522642\/revisions"}],"wp:featuredmedia":[{"embeddable":true,"href":"https:\/\/p4h.world\/fr\/wp-json\/wp\/v2\/media\/987528918"}],"wp:attachment":[{"href":"https:\/\/p4h.world\/fr\/wp-json\/wp\/v2\/media?parent=987522642"}],"wp:term":[{"taxonomy":"category","embeddable":true,"href":"https:\/\/p4h.world\/fr\/wp-json\/wp\/v2\/categories?post=987522642"},{"taxonomy":"post_tag","embeddable":true,"href":"https:\/\/p4h.world\/fr\/wp-json\/wp\/v2\/tags?post=987522642"}],"curies":[{"name":"wp","href":"https:\/\/api.w.org\/{rel}","templated":true}]}}