{"id":987522643,"date":"2021-09-29T03:17:07","date_gmt":"2021-09-29T02:17:07","guid":{"rendered":"https:\/\/p4h.world\/news\/atelier-dinformation-des-parlementaires-sur-la-politique-nationale-et-le-code-de-la-protection-sociale-au-burundi\/"},"modified":"2023-03-02T09:58:39","modified_gmt":"2023-03-02T08:58:39","slug":"atelier-dinformation-des-parlementaires-sur-la-politique-nationale-et-le-code-de-la-protection-sociale-au-burundi","status":"publish","type":"news","link":"https:\/\/p4h.world\/fr\/news\/atelier-dinformation-des-parlementaires-sur-la-politique-nationale-et-le-code-de-la-protection-sociale-au-burundi\/","title":{"rendered":"Atelier d&#8217;information des parlementaires sur la Politique Nationale et le Code de la Protection Sociale au Burundi"},"content":{"rendered":"<p>Les 27 et 28 septembre 2021 s&#8217;est tenue \u00e0 Gitega, la capitale politique du Burundi, un important atelier pr\u00e9sid\u00e9 par le 2e Vice-Pr\u00e9sident du S\u00e9nat, en pr\u00e9sence de Madame le Ministre de la Solidarit\u00e9 Nationale, des Affaires Sociales, des Droits de la personne humaine et du Genre. L&#8217;objet de cette session \u00e9tait d&#8217;informer les parlementaires sur le cadre strat\u00e9gique et juridique de la Protection sociale, les r\u00e9alisations et les d\u00e9fis \u00e0 relever. Pour l&#8217;intervention de l&#8217;OMS, le CFP P4H a entretenu les parlementaires sur le concept de Couverture Sanitaire Universelle et relever les d\u00e9fis du pays notamment celui de la mutualisation des diff\u00e9rents m\u00e9canismes de couverture en sant\u00e9, et des arrangements institutionnels qui vont avec, pour une progression dans la couverture et la protection financi\u00e8re de la population.<\/p>\n","protected":false},"excerpt":{"rendered":"<p>Les 27 et 28 septembre 2021 s&#8217;est tenue \u00e0 Gitega, la capitale politique du Burundi, un important atelier pr\u00e9sid\u00e9 par le 2e Vice-Pr\u00e9sident du S\u00e9nat, en pr\u00e9sence de Madame le Ministre de la Solidarit\u00e9 Nationale, des Affaires Sociales, des Droits de la personne humaine et du Genre. L&#8217;objet de cette session \u00e9tait d&#8217;informer les parlementaires&#8230;<\/p>\n","protected":false},"author":2097,"featured_media":987528923,"comment_status":"closed","ping_status":"closed","template":"","meta":{"_et_pb_use_builder":"","_et_pb_old_content":"","_et_gb_content_width":""},"categories":[],"tags":[2847],"acf":[],"_links":{"self":[{"href":"https:\/\/p4h.world\/fr\/wp-json\/wp\/v2\/news\/987522643"}],"collection":[{"href":"https:\/\/p4h.world\/fr\/wp-json\/wp\/v2\/news"}],"about":[{"href":"https:\/\/p4h.world\/fr\/wp-json\/wp\/v2\/types\/news"}],"author":[{"embeddable":true,"href":"https:\/\/p4h.world\/fr\/wp-json\/wp\/v2\/users\/2097"}],"replies":[{"embeddable":true,"href":"https:\/\/p4h.world\/fr\/wp-json\/wp\/v2\/comments?post=987522643"}],"version-history":[{"count":0,"href":"https:\/\/p4h.world\/fr\/wp-json\/wp\/v2\/news\/987522643\/revisions"}],"wp:featuredmedia":[{"embeddable":true,"href":"https:\/\/p4h.world\/fr\/wp-json\/wp\/v2\/media\/987528923"}],"wp:attachment":[{"href":"https:\/\/p4h.world\/fr\/wp-json\/wp\/v2\/media?parent=987522643"}],"wp:term":[{"taxonomy":"category","embeddable":true,"href":"https:\/\/p4h.world\/fr\/wp-json\/wp\/v2\/categories?post=987522643"},{"taxonomy":"post_tag","embeddable":true,"href":"https:\/\/p4h.world\/fr\/wp-json\/wp\/v2\/tags?post=987522643"}],"curies":[{"name":"wp","href":"https:\/\/api.w.org\/{rel}","templated":true}]}}