{"id":987522659,"date":"2021-09-27T03:17:12","date_gmt":"2021-09-27T02:17:12","guid":{"rendered":"https:\/\/p4h.world\/news\/niger-enabel-contribution-a-la-strategie-nationale-de-cmu\/"},"modified":"2023-03-02T10:00:51","modified_gmt":"2023-03-02T09:00:51","slug":"niger-enabel-contribution-a-la-strategie-nationale-de-cmu","status":"publish","type":"news","link":"https:\/\/p4h.world\/fr\/news\/niger-enabel-contribution-a-la-strategie-nationale-de-cmu\/","title":{"rendered":"NIGER-ENABEL : Contribution \u00e0 la strat\u00e9gie nationale de CMU"},"content":{"rendered":"<p><span><span><span><span><span><span><span><span><span><span><span><span><span><span>Dans le cadre de la d\u00e9finition de la composante sant\u00e9 du programme de coop\u00e9ration Niger-Belgique 2022-2026, s\u2019est tenu du 08 au 10 Septembre 2021 un atelier qui a permis de pr\u00e9ciser l\u2019appui d\u2019ENABEL \u00e0 la strat\u00e9gie nationale de la Couverture Maladie Universelle dans le cadre de la mise en \u0153uvre d\u2019approches pilotes bas\u00e9es sur un mod\u00e8le int\u00e9gr\u00e9 de financement de la sant\u00e9 (gratuit\u00e9s \u2013 FBR \u2013 Assurance Maladie) articul\u00e9 autour des Assurances Maladies D\u00e9partementales (AMD).<\/span><\/span><\/span><\/span><\/span><\/span><\/span><\/span><\/span><\/span><\/span><\/span><\/span><\/span><\/p>\n<p>ENABEL&nbsp;est l\u2019agence de d\u00e9veloppement du gouvernement f\u00e9d\u00e9ral belge; nous mettons en \u0153uvre la politique belge en mati\u00e8re de d\u00e9veloppement international.&nbsp;Dans le domaine de la sant\u00e9, <a href=\"https:\/\/p4h.world\/en\/newsletter\/p4h-governance-group-newsletter-20213\">ENABEL<\/a> ambitionne de d\u00e9velopper un syst\u00e8me de sant\u00e9 efficace et durable qui garantit&nbsp;des soins de sant\u00e9 de qualit\u00e9 \u00e0 chacun.<\/p>\n","protected":false},"excerpt":{"rendered":"<p>Dans le cadre de la d\u00e9finition de la composante sant\u00e9 du programme de coop\u00e9ration Niger-Belgique 2022-2026, s\u2019est tenu du 08 au 10 Septembre 2021 un atelier qui a permis de pr\u00e9ciser l\u2019appui d\u2019ENABEL \u00e0 la strat\u00e9gie nationale de la Couverture Maladie Universelle dans le cadre de la mise en \u0153uvre d\u2019approches pilotes bas\u00e9es sur un&#8230;<\/p>\n","protected":false},"author":1633,"featured_media":987529110,"comment_status":"closed","ping_status":"closed","template":"","meta":{"_et_pb_use_builder":"","_et_pb_old_content":"","_et_gb_content_width":""},"categories":[],"tags":[2441],"acf":[],"_links":{"self":[{"href":"https:\/\/p4h.world\/fr\/wp-json\/wp\/v2\/news\/987522659"}],"collection":[{"href":"https:\/\/p4h.world\/fr\/wp-json\/wp\/v2\/news"}],"about":[{"href":"https:\/\/p4h.world\/fr\/wp-json\/wp\/v2\/types\/news"}],"author":[{"embeddable":true,"href":"https:\/\/p4h.world\/fr\/wp-json\/wp\/v2\/users\/1633"}],"replies":[{"embeddable":true,"href":"https:\/\/p4h.world\/fr\/wp-json\/wp\/v2\/comments?post=987522659"}],"version-history":[{"count":0,"href":"https:\/\/p4h.world\/fr\/wp-json\/wp\/v2\/news\/987522659\/revisions"}],"wp:featuredmedia":[{"embeddable":true,"href":"https:\/\/p4h.world\/fr\/wp-json\/wp\/v2\/media\/987529110"}],"wp:attachment":[{"href":"https:\/\/p4h.world\/fr\/wp-json\/wp\/v2\/media?parent=987522659"}],"wp:term":[{"taxonomy":"category","embeddable":true,"href":"https:\/\/p4h.world\/fr\/wp-json\/wp\/v2\/categories?post=987522659"},{"taxonomy":"post_tag","embeddable":true,"href":"https:\/\/p4h.world\/fr\/wp-json\/wp\/v2\/tags?post=987522659"}],"curies":[{"name":"wp","href":"https:\/\/api.w.org\/{rel}","templated":true}]}}