{"id":987522807,"date":"2021-08-04T03:18:11","date_gmt":"2021-08-04T02:18:11","guid":{"rendered":"https:\/\/p4h.world\/news\/togo-deux-instituts-africains-de-formation-incluent-le-budget-programme-dans-leur-curricula\/"},"modified":"2023-03-02T10:08:27","modified_gmt":"2023-03-02T09:08:27","slug":"togo-deux-instituts-africains-de-formation-incluent-le-budget-programme-dans-leur-curricula","status":"publish","type":"news","link":"https:\/\/p4h.world\/fr\/news\/togo-deux-instituts-africains-de-formation-incluent-le-budget-programme-dans-leur-curricula\/","title":{"rendered":"Togo : Deux Instituts Africains de formation incluent le Budget programme dans leur curricula"},"content":{"rendered":"<p>Durant trois jours, les \u00e9changes entre experts africains&nbsp;ont permis d\u2019examiner notamment les effets de la pand\u00e9mie de la Covid-19 sur la r\u00e9forme du budget-programme et l\u2019efficacit\u00e9 des politiques publiques dans l\u2019espace UEMOA, de tirer les le\u00e7ons de la pand\u00e9mie concernant la mise en \u0153uvre de cette r\u00e9forme et de sa contribution \u00e0 l\u2019efficacit\u00e9 des politiques publiques notamment dans le domaine de la sant\u00e9.<\/p>\n<p>A l\u2019issue des discussions, un partenariat a \u00e9t\u00e9 nou\u00e9 entre le Centre Africain d\u2019Etudes Sup\u00e9rieures en Gestion (CESAG) et le Centre d\u2019analyse et de renforcement des capacit\u00e9s du Togo (CADERT), dont l\u2019objectif est de renforcer l\u2019analyse et la gestion des politiques \u00e9conomiques ainsi que les programmes de d\u00e9veloppement au Togo.<\/p>\n<blockquote>\n<p>L\u2019int\u00e9r\u00eat de ce partenariat r\u00e9side en ce qu\u2019il offre le cadre pour capitaliser l\u2019exp\u00e9rience et le savoir-faire des deux Centres pour mieux g\u00e9n\u00e9rer et transmettre les connaissances n\u00e9cessaires pour accompagner la r\u00e9forme du budget programme au Togo et dans la sous-r\u00e9gion.&nbsp;<\/p>\n<\/blockquote>\n","protected":false},"excerpt":{"rendered":"<p>Durant trois jours, les \u00e9changes entre experts africains&nbsp;ont permis d\u2019examiner notamment les effets de la pand\u00e9mie de la Covid-19 sur la r\u00e9forme du budget-programme et l\u2019efficacit\u00e9 des politiques publiques dans l\u2019espace UEMOA, de tirer les le\u00e7ons de la pand\u00e9mie concernant la mise en \u0153uvre de cette r\u00e9forme et de sa contribution \u00e0 l\u2019efficacit\u00e9 des politiques&#8230;<\/p>\n","protected":false},"author":1633,"featured_media":987529565,"comment_status":"closed","ping_status":"closed","template":"","meta":{"_et_pb_use_builder":"","_et_pb_old_content":"","_et_gb_content_width":""},"categories":[],"tags":[2363],"acf":[],"_links":{"self":[{"href":"https:\/\/p4h.world\/fr\/wp-json\/wp\/v2\/news\/987522807"}],"collection":[{"href":"https:\/\/p4h.world\/fr\/wp-json\/wp\/v2\/news"}],"about":[{"href":"https:\/\/p4h.world\/fr\/wp-json\/wp\/v2\/types\/news"}],"author":[{"embeddable":true,"href":"https:\/\/p4h.world\/fr\/wp-json\/wp\/v2\/users\/1633"}],"replies":[{"embeddable":true,"href":"https:\/\/p4h.world\/fr\/wp-json\/wp\/v2\/comments?post=987522807"}],"version-history":[{"count":0,"href":"https:\/\/p4h.world\/fr\/wp-json\/wp\/v2\/news\/987522807\/revisions"}],"wp:featuredmedia":[{"embeddable":true,"href":"https:\/\/p4h.world\/fr\/wp-json\/wp\/v2\/media\/987529565"}],"wp:attachment":[{"href":"https:\/\/p4h.world\/fr\/wp-json\/wp\/v2\/media?parent=987522807"}],"wp:term":[{"taxonomy":"category","embeddable":true,"href":"https:\/\/p4h.world\/fr\/wp-json\/wp\/v2\/categories?post=987522807"},{"taxonomy":"post_tag","embeddable":true,"href":"https:\/\/p4h.world\/fr\/wp-json\/wp\/v2\/tags?post=987522807"}],"curies":[{"name":"wp","href":"https:\/\/api.w.org\/{rel}","templated":true}]}}