{"id":987523229,"date":"2021-04-20T03:20:59","date_gmt":"2021-04-20T02:20:59","guid":{"rendered":"https:\/\/p4h.world\/news\/validation-des-resultats-des-comptes-de-la-sante-au-niger-exercice-2019\/"},"modified":"2023-03-02T10:25:58","modified_gmt":"2023-03-02T09:25:58","slug":"validation-des-resultats-des-comptes-de-la-sante-au-niger-exercice-2019","status":"publish","type":"news","link":"https:\/\/p4h.world\/fr\/news\/validation-des-resultats-des-comptes-de-la-sante-au-niger-exercice-2019\/","title":{"rendered":"Validation des r\u00e9sultats des comptes de la sant\u00e9 au Niger, exercice 2019"},"content":{"rendered":"<p>En f\u00e9vrier 2021, le Niger a organis\u00e9 l\u2019atelier national virtuel de validation des r\u00e9sultats de son douzi\u00e8me rapport des comptes de la sant\u00e9 consacr\u00e9 \u00e0 l\u2019exercice budg\u00e9taire 2019. Les principaux r\u00e9sultats issus des comptes de la sant\u00e9 sont r\u00e9sum\u00e9s ainsi qu\u2019il suit :<\/p>\n<p>\u2022 Une d\u00e9pense nationale de sant\u00e9 en hausse ces trois derni\u00e8res ann\u00e9es estim\u00e9es \u00e0 469,029 milliards de FCFA en 2019 contre respectivement 420,417 milliards en 2018 et 381,532 en 2017. Elle a repr\u00e9sent\u00e9 6,16% du Produit int\u00e9rieur brut ;<\/p>\n<p>\u2022 Une d\u00e9pense de sant\u00e9 support\u00e9e en grande partie par les m\u00e9nages avec 46,09% de la d\u00e9pense totale en 2019. Bien qu\u2019en baisse entre 2016 et 2019, elle reste toujours \u00e9lev\u00e9e dans un contexte o\u00f9 pr\u00e8s de la moiti\u00e9 de la population vit avec moins de deux dollars par jour et malgr\u00e9 la mise en \u0153uvre depuis plus d\u2019une d\u00e9cennie de la politique de la gratuit\u00e9 des soins ;<\/p>\n<p>\u2022 Une d\u00e9pense nationale de sant\u00e9 domin\u00e9e par les soins curatifs hospitaliers : les h\u00f4pitaux et les centres ambulatoires ont repr\u00e9sent\u00e9 24,48% des d\u00e9penses courantes de sant\u00e9 en 2019. La part des h\u00f4pitaux a \u00e9t\u00e9 estim\u00e9e \u00e0 27,45% de ces d\u00e9penses en soins curatifs et celle des prestataires de soins ambulatoires \u00e0 7,07%. Ceci d\u00e9note la faible priorit\u00e9 accord\u00e9e aux d\u00e9penses li\u00e9es \u00e0 la pr\u00e9vention sanitaire, y compris les d\u00e9terminants de la sant\u00e9 dont la part avait \u00e9t\u00e9 estim\u00e9e \u00e0 environ 12%.<\/p>\n<p>Le rapport des comptes de la sant\u00e9 au Niger est en fichier attach\u00e9.<\/p>\n","protected":false},"excerpt":{"rendered":"<p>En f\u00e9vrier 2021, le Niger a organis\u00e9 l\u2019atelier national virtuel de validation des r\u00e9sultats de son douzi\u00e8me rapport des comptes de la sant\u00e9 consacr\u00e9 \u00e0 l\u2019exercice budg\u00e9taire 2019. Les principaux r\u00e9sultats issus des comptes de la sant\u00e9 sont r\u00e9sum\u00e9s ainsi qu\u2019il suit : \u2022 Une d\u00e9pense nationale de sant\u00e9 en hausse ces trois derni\u00e8res ann\u00e9es&#8230;<\/p>\n","protected":false},"author":1633,"featured_media":987530822,"comment_status":"closed","ping_status":"closed","template":"","meta":{"_et_pb_use_builder":"","_et_pb_old_content":"","_et_gb_content_width":""},"categories":[],"tags":[2484,2363],"acf":[],"_links":{"self":[{"href":"https:\/\/p4h.world\/fr\/wp-json\/wp\/v2\/news\/987523229"}],"collection":[{"href":"https:\/\/p4h.world\/fr\/wp-json\/wp\/v2\/news"}],"about":[{"href":"https:\/\/p4h.world\/fr\/wp-json\/wp\/v2\/types\/news"}],"author":[{"embeddable":true,"href":"https:\/\/p4h.world\/fr\/wp-json\/wp\/v2\/users\/1633"}],"replies":[{"embeddable":true,"href":"https:\/\/p4h.world\/fr\/wp-json\/wp\/v2\/comments?post=987523229"}],"version-history":[{"count":0,"href":"https:\/\/p4h.world\/fr\/wp-json\/wp\/v2\/news\/987523229\/revisions"}],"wp:featuredmedia":[{"embeddable":true,"href":"https:\/\/p4h.world\/fr\/wp-json\/wp\/v2\/media\/987530822"}],"wp:attachment":[{"href":"https:\/\/p4h.world\/fr\/wp-json\/wp\/v2\/media?parent=987523229"}],"wp:term":[{"taxonomy":"category","embeddable":true,"href":"https:\/\/p4h.world\/fr\/wp-json\/wp\/v2\/categories?post=987523229"},{"taxonomy":"post_tag","embeddable":true,"href":"https:\/\/p4h.world\/fr\/wp-json\/wp\/v2\/tags?post=987523229"}],"curies":[{"name":"wp","href":"https:\/\/api.w.org\/{rel}","templated":true}]}}