{"id":987523403,"date":"2020-05-27T03:22:34","date_gmt":"2020-05-27T02:22:34","guid":{"rendered":"https:\/\/p4h.world\/news\/programme-de-resilience-economique-et-sociale-du-senegal-covid-19\/"},"modified":"2023-03-02T10:45:48","modified_gmt":"2023-03-02T09:45:48","slug":"programme-de-resilience-economique-et-sociale-du-senegal-covid-19","status":"publish","type":"news","link":"https:\/\/p4h.world\/fr\/news\/programme-de-resilience-economique-et-sociale-du-senegal-covid-19\/","title":{"rendered":"Programme de R\u00e9silience Economique et Sociale du S\u00e9n\u00e9gal COVID-19"},"content":{"rendered":"<p>Le plan de contingence du Minist\u00e8re de la Sant\u00e9 et de l\u2019Action Sociale a pour objectif principal de renforcer les capacit\u00e9s du S\u00e9n\u00e9gal \u00e0 faire face \u00e0 l\u2019\u00e9pid\u00e9mie \u00e0 travers les mesures suivantes :<\/p>\n<p>&#8211; La d\u00e9tection des cas suspects et des cas confirm\u00e9s<\/p>\n<p>&#8211; L\u2019isolement rapide desdits cas<\/p>\n<p>&#8211; Le renforcementdes moyens de pr\u00e9vention et de contr\u00f4le de l\u2019infection dans les structures sanitaires et en communaut\u00e9<\/p>\n<p>&#8211; L\u2019intensification de la communication de risque sur l\u2019infection et la participation des populations aux mesures de riposte<\/p>\n<p>&#8211; La coordination des interventions de riposte \u00e0 l\u2019\u00e9pid\u00e9mie<\/p>\n<p>Globalement, une enveloppe de 64,4 milliards FCFA (107.581.916,00 USD) consacr\u00e9e au secteur de la sant\u00e9.<\/p>\n","protected":false},"excerpt":{"rendered":"<p>Le plan de contingence du Minist\u00e8re de la Sant\u00e9 et de l\u2019Action Sociale a pour objectif principal de renforcer les capacit\u00e9s du S\u00e9n\u00e9gal \u00e0 faire face \u00e0 l\u2019\u00e9pid\u00e9mie \u00e0 travers les mesures suivantes : &#8211; La d\u00e9tection des cas suspects et des cas confirm\u00e9s &#8211; L\u2019isolement rapide desdits cas &#8211; Le renforcementdes moyens de pr\u00e9vention&#8230;<\/p>\n","protected":false},"author":1164,"featured_media":987532303,"comment_status":"closed","ping_status":"closed","template":"","meta":{"_et_pb_use_builder":"","_et_pb_old_content":"","_et_gb_content_width":""},"categories":[],"tags":[2484,2402,2447,2471,2433],"acf":[],"_links":{"self":[{"href":"https:\/\/p4h.world\/fr\/wp-json\/wp\/v2\/news\/987523403"}],"collection":[{"href":"https:\/\/p4h.world\/fr\/wp-json\/wp\/v2\/news"}],"about":[{"href":"https:\/\/p4h.world\/fr\/wp-json\/wp\/v2\/types\/news"}],"author":[{"embeddable":true,"href":"https:\/\/p4h.world\/fr\/wp-json\/wp\/v2\/users\/1164"}],"replies":[{"embeddable":true,"href":"https:\/\/p4h.world\/fr\/wp-json\/wp\/v2\/comments?post=987523403"}],"version-history":[{"count":0,"href":"https:\/\/p4h.world\/fr\/wp-json\/wp\/v2\/news\/987523403\/revisions"}],"wp:featuredmedia":[{"embeddable":true,"href":"https:\/\/p4h.world\/fr\/wp-json\/wp\/v2\/media\/987532303"}],"wp:attachment":[{"href":"https:\/\/p4h.world\/fr\/wp-json\/wp\/v2\/media?parent=987523403"}],"wp:term":[{"taxonomy":"category","embeddable":true,"href":"https:\/\/p4h.world\/fr\/wp-json\/wp\/v2\/categories?post=987523403"},{"taxonomy":"post_tag","embeddable":true,"href":"https:\/\/p4h.world\/fr\/wp-json\/wp\/v2\/tags?post=987523403"}],"curies":[{"name":"wp","href":"https:\/\/api.w.org\/{rel}","templated":true}]}}