{"id":987523408,"date":"2023-03-02T10:45:52","date_gmt":"2023-03-02T09:45:52","guid":{"rendered":"https:\/\/p4h.world\/?post_type=news&#038;p=987523408"},"modified":"2024-07-26T13:17:39","modified_gmt":"2024-07-26T12:17:39","slug":"message-a-la-nation-du-mali-sur-la-situation-covid-19-april-2020","status":"publish","type":"news","link":"https:\/\/p4h.world\/fr\/news\/message-a-la-nation-du-mali-sur-la-situation-covid-19-april-2020\/","title":{"rendered":"Message \u00e0 la nation du Mali sur la situation COVID-19 &#8211; April 2020"},"content":{"rendered":"<p>[et_pb_section fb_built=&#8221;1&#8243; admin_label=&#8221;! !! NE PAS MODIFIER ! !!&#8221; _builder_version=&#8221;4.19.5&#8243; _module_preset=&#8221;default&#8221; global_colors_info=&#8221;{}&#8221;][et_pb_row admin_label=&#8221;!!! PLEASE DO NOT EDIT !!!&#8221; _builder_version=&#8221;4.19.5&#8243; _module_preset=&#8221;default&#8221; global_colors_info=&#8221;{}&#8221;][et_pb_column type=&#8221;4_4&#8243; _builder_version=&#8221;4.19.5&#8243; _module_preset=&#8221;default&#8221; global_colors_info=&#8221;{}&#8221;][et_pb_text admin_label=&#8221;TO BE EDITED &#8211; SUMMARY &#8211; Click on the WHEEL icon to open the textarea where you can paste or type your summary.  Summary should be in bold and 250-300 characters. The counter at the bottom can help.&#8221; _builder_version=&#8221;4.21.0&#8243; _module_preset=&#8221;default&#8221; custom_padding=&#8221;||20px||false|false&#8221; global_colors_info=&#8221;{}&#8221;]<\/p>\n<div>\n<p><strong>A la date d\u2019aujourd\u2019hui, le Mali compte 87 patients infect\u00e9s. Ce chiffre, malheureusement, irait crescendo dans les jours \u00e0 venir, si le mal y d\u00e9roulait\u00a0son impitoyable m\u00e9canique, comme il l\u2019a fait ailleurs, r\u00e9pandant le deuil sur son passage, suscitant partout peur et angoisse, et malmenant les \u00e9conomies les plus solides.<\/strong><\/p>\n<\/div>\n<p>[\/et_pb_text][et_pb_text admin_label=&#8221;TO BE EDITED &#8211; TEXT OF THE NEWS &#8211; Click on the WHEEL icon to open the textarea where you can paste or type your news. PLEASE USE THE USE ONLY THE FEATURED IMAGE FUNCTION on your right column to add the image.&#8221; _builder_version=&#8221;4.21.0&#8243; _module_preset=&#8221;default&#8221; global_colors_info=&#8221;{}&#8221;]<\/p>\n<p style=\"font-weight: 400;\">Le 10 avril 2020, le Pr\u00e9sident du Mali, Ibrahim Boubacar KEITA s&#8217;est adress\u00e9 pour la 3\u00e8me fois \u00e0 la Nation, depuis l&#8217;av\u00e8nement de la Covid-19. Au cours de cette adresse, le chef de l&#8217;\u00c9tat a annonc\u00e9 la prise de mesures tendant \u00e0 circonscrire la pand\u00e9mie mais aussi \u00e0 rassurer l&#8217;\u00e9conomie nationale. Ces mesures sociales qui co\u00fbteront \u00e0 l\u2019\u00c9tat <a href=\"https:\/\/p4h.world\/fr\/countries\/mali\/\">malien<\/a>, pr\u00e8s de 500 milliards de francs (837.153.320,00 USD), dans les hypoth\u00e8ses basses.<\/p>\n<p style=\"font-weight: 400;\">Et le Pr\u00e9sident de souligner que toutes les allocations budg\u00e9taires seront revues : &#8220;La r\u00e9vision commencera par le sommet de l\u2019Etat&#8221; avant de poursuivre que :<br \/><strong><em>&#8220;Les priorit\u00e9s d\u2019investissements seront \u00e9galement revues. Il sera fait preuve de plus d\u2019innovations dans la mobilisation des ressources. Et les fonds constitu\u00e9s seront scrupuleusement g\u00e9r\u00e9s, sous la supervision du Chef de gouvernement. Un fonds sp\u00e9cial de 100 milliards de francs (167.430.664,00 USD) pour les familles les plus vuln\u00e9rables sera mis en place, \u00e0 l\u2019\u00e9chelle des 703 communes du Mali. Des crit\u00e8res de vuln\u00e9rabilit\u00e9 \u00e9valu\u00e9s et consensuels conditionneront l\u2019acc\u00e8s \u00e0 ce fonds qui sera g\u00e9r\u00e9 de mani\u00e8re coll\u00e9giale et transparente&#8221;.<\/em><\/strong><\/p>\n<p style=\"font-weight: 400;\">\n<p>\u200b<\/p>\n<p>[\/et_pb_text][\/et_pb_column][\/et_pb_row][\/et_pb_section]<\/p>\n","protected":false},"excerpt":{"rendered":"<p>A la date d\u2019aujourd\u2019hui, le Mali compte 87 patients infect\u00e9s. Ce chiffre, malheureusement, irait crescendo dans les jours \u00e0 venir, si le mal y d\u00e9roulait\u00a0son impitoyable m\u00e9canique, comme il l\u2019a fait ailleurs, r\u00e9pandant le deuil sur son passage, suscitant partout peur et angoisse, et malmenant les \u00e9conomies les plus solides. Le 10 avril 2020, le&#8230;<\/p>\n","protected":false},"author":1164,"featured_media":987710862,"comment_status":"closed","ping_status":"closed","template":"","meta":{"_et_pb_use_builder":"on","_et_pb_old_content":"<p>A la date d\u2019aujourd\u2019hui, le Mali compte 87 patients infect\u00e9s. Ce chiffre, malheureusement, irait crescendo dans les jours \u00e0 venir, si le mal y d\u00e9roulait\u00a0son impitoyable m\u00e9canique, comme il l\u2019a fait ailleurs, r\u00e9pandant le deuil sur son passage, suscitant partout peur et angoisse, et malmenant les \u00e9conomies les plus solides.<\/p><p>Le gouvernement, pour ce faire, a d\u00e9cid\u00e9 plusieurs mesures sociales qui co\u00fbteront \u00e0 l\u2019Etat, pr\u00e8s de 500 milliards de francs (837.153.320,00 USD), dans les hypoth\u00e8ses basses.<\/p><p>Toutes les allocations budg\u00e9taires\u00a0seront revues. La r\u00e9vision commencera par le sommet de l\u2019Etat.<br \/>Les priorit\u00e9s d\u2019investissements seront \u00e9galement revues. Il sera fait preuve de plus d\u2019innovations dans la mobilisation des ressources. Et les fonds constitu\u00e9s seront scrupuleusement g\u00e9r\u00e9s, sous la supervision du Chef de gouvernement.<\/p><p>Un fonds sp\u00e9cial de 100 milliards de\u00a0francs (167.430.664,00 USD) pour les familles les plus vuln\u00e9rables sera mis en place, \u00e0 l\u2019\u00e9chelle des 703 communes du Mali. Des crit\u00e8res de vuln\u00e9rabilit\u00e9 \u00e9valu\u00e9s et consensuels conditionneront l\u2019acc\u00e8s \u00e0 ce fonds qui sera g\u00e9r\u00e9 de mani\u00e8re coll\u00e9giale et transparente.<\/p>","_et_gb_content_width":""},"categories":[2707],"tags":[2402,2433],"acf":[],"_links":{"self":[{"href":"https:\/\/p4h.world\/fr\/wp-json\/wp\/v2\/news\/987523408"}],"collection":[{"href":"https:\/\/p4h.world\/fr\/wp-json\/wp\/v2\/news"}],"about":[{"href":"https:\/\/p4h.world\/fr\/wp-json\/wp\/v2\/types\/news"}],"author":[{"embeddable":true,"href":"https:\/\/p4h.world\/fr\/wp-json\/wp\/v2\/users\/1164"}],"replies":[{"embeddable":true,"href":"https:\/\/p4h.world\/fr\/wp-json\/wp\/v2\/comments?post=987523408"}],"version-history":[{"count":5,"href":"https:\/\/p4h.world\/fr\/wp-json\/wp\/v2\/news\/987523408\/revisions"}],"predecessor-version":[{"id":987710896,"href":"https:\/\/p4h.world\/fr\/wp-json\/wp\/v2\/news\/987523408\/revisions\/987710896"}],"wp:featuredmedia":[{"embeddable":true,"href":"https:\/\/p4h.world\/fr\/wp-json\/wp\/v2\/media\/987710862"}],"wp:attachment":[{"href":"https:\/\/p4h.world\/fr\/wp-json\/wp\/v2\/media?parent=987523408"}],"wp:term":[{"taxonomy":"category","embeddable":true,"href":"https:\/\/p4h.world\/fr\/wp-json\/wp\/v2\/categories?post=987523408"},{"taxonomy":"post_tag","embeddable":true,"href":"https:\/\/p4h.world\/fr\/wp-json\/wp\/v2\/tags?post=987523408"}],"curies":[{"name":"wp","href":"https:\/\/api.w.org\/{rel}","templated":true}]}}