{"id":987523539,"date":"2019-03-10T03:24:14","date_gmt":"2019-03-10T02:24:14","guid":{"rendered":"https:\/\/p4h.world\/news\/atelier-de-lancement-et-de-planification-de-la-2e-phase-du-programme-dappui-aux-districts-sanitaires-du-tchad\/"},"modified":"2023-03-02T10:54:03","modified_gmt":"2023-03-02T09:54:03","slug":"atelier-de-lancement-et-de-planification-de-la-2e-phase-du-programme-dappui-aux-districts-sanitaires-du-tchad","status":"publish","type":"news","link":"https:\/\/p4h.world\/fr\/news\/atelier-de-lancement-et-de-planification-de-la-2e-phase-du-programme-dappui-aux-districts-sanitaires-du-tchad\/","title":{"rendered":"Atelier de lancement et de planification de la 2\u00e8 phase du programme d\u2019appui aux districts sanitaires du Tchad"},"content":{"rendered":"<p><span><span><span>Le minist\u00e8re de la sant\u00e9 publique a organis\u00e9 du 24 au 25 janvier 2019 conjointement avec le Bureau de la Coop\u00e9ration Suisse, un atelier de planification de la deuxi\u00e8me phase du programme d\u2019appui aux districts sanitaires du Tchad. Cet atelier a regroup\u00e9 les institutions \u00e9tatiques, les partenaires techniques financiers et les autorit\u00e9s provinciales et locales.<\/span><\/span><\/span><\/p>\n<p><span><span><span>Pour Mahamat Hamid Ahmat, Directeur G\u00e9n\u00e9ral Adjoint du minist\u00e8re de la sant\u00e9 publique pr\u00e9sidant la c\u00e9r\u00e9monie d\u2019ouverture, le PADS vise \u00e0 renforcer la gouvernance du syst\u00e8me de sant\u00e9 pour l\u2019am\u00e9lioration de la sant\u00e9 maternelle et infantile, l\u2019acc\u00e9l\u00e9ration du processus de la couverture sanitaire universelle et la pr\u00e9vention des \u00e9pid\u00e9mies.<\/span><\/span><\/span><\/p>\n<p><span><span><span>Le PADS vient soutenir les efforts du minist\u00e8re en charge de la sant\u00e9, tout comme il contribuera \u00e0 relever les plateaux techniques et la qualit\u00e9 de soins, en veillant \u00e0 favoriser un acc\u00e8s \u00e9quitable aux services de sant\u00e9 pour les populations prioritaires \u00e0 l\u2019exemple des femmes, des enfants et des populations marginalis\u00e9es a-t-il soutenu.<\/span><\/span><\/span><\/p>\n<p><span><span><span>Selon, le directeur g\u00e9n\u00e9ral adjoint du minist\u00e8re de la Sant\u00e9 Publique, le programme PADS est consid\u00e9r\u00e9 par le minist\u00e8re comme un programme mod\u00e8le au regard des r\u00e9alisations obtenues, d\u00e9montr\u00e9es par l\u2019\u00e9valuation externe de la premi\u00e8re phase 2014-2018 qui vient de se terminer. <\/span><\/span><\/span><\/p>\n<p><span><span><span>En rappel, le PADS est un programme enti\u00e8rement financ\u00e9 par la Coop\u00e9ration Suisse. Il deux provinces&nbsp;: le Moyen-Chari et le Batha, soit une population de plus d\u20191 millions d\u2019habitants. Le PADS entend am\u00e9liorer les performances du syst\u00e8me de sant\u00e9 tchadien en d\u00e9veloppant un mod\u00e8le de gouvernance dans les districts sanitaires pour accompagner le processus de la couverture sant\u00e9 universelle au Tchad.<\/span><\/span><\/span><\/p>\n<p><span><span><span>La 2\u00e8me phase du PADS a d\u00e9but\u00e9 officiellement le 1er novembre 2018. <\/span><\/span><\/span><\/p>\n","protected":false},"excerpt":{"rendered":"<p>Le minist\u00e8re de la sant\u00e9 publique a organis\u00e9 du 24 au 25 janvier 2019 conjointement avec le Bureau de la Coop\u00e9ration Suisse, un atelier de planification de la deuxi\u00e8me phase du programme d\u2019appui aux districts sanitaires du Tchad. Cet atelier a regroup\u00e9 les institutions \u00e9tatiques, les partenaires techniques financiers et les autorit\u00e9s provinciales et locales&#8230;.<\/p>\n","protected":false},"author":1939,"featured_media":987532843,"comment_status":"closed","ping_status":"closed","template":"","meta":{"_et_pb_use_builder":"","_et_pb_old_content":"","_et_gb_content_width":""},"categories":[],"tags":[2473],"acf":[],"_links":{"self":[{"href":"https:\/\/p4h.world\/fr\/wp-json\/wp\/v2\/news\/987523539"}],"collection":[{"href":"https:\/\/p4h.world\/fr\/wp-json\/wp\/v2\/news"}],"about":[{"href":"https:\/\/p4h.world\/fr\/wp-json\/wp\/v2\/types\/news"}],"author":[{"embeddable":true,"href":"https:\/\/p4h.world\/fr\/wp-json\/wp\/v2\/users\/1939"}],"replies":[{"embeddable":true,"href":"https:\/\/p4h.world\/fr\/wp-json\/wp\/v2\/comments?post=987523539"}],"version-history":[{"count":0,"href":"https:\/\/p4h.world\/fr\/wp-json\/wp\/v2\/news\/987523539\/revisions"}],"wp:featuredmedia":[{"embeddable":true,"href":"https:\/\/p4h.world\/fr\/wp-json\/wp\/v2\/media\/987532843"}],"wp:attachment":[{"href":"https:\/\/p4h.world\/fr\/wp-json\/wp\/v2\/media?parent=987523539"}],"wp:term":[{"taxonomy":"category","embeddable":true,"href":"https:\/\/p4h.world\/fr\/wp-json\/wp\/v2\/categories?post=987523539"},{"taxonomy":"post_tag","embeddable":true,"href":"https:\/\/p4h.world\/fr\/wp-json\/wp\/v2\/tags?post=987523539"}],"curies":[{"name":"wp","href":"https:\/\/api.w.org\/{rel}","templated":true}]}}