{"id":987525829,"date":"2022-09-14T03:52:38","date_gmt":"2022-09-14T02:52:38","guid":{"rendered":"https:\/\/p4h.world\/news\/cote-divoire-cmu-le-diabete-et-les-cas-davc-desormais-pris-en-charge-par-la-cnam\/"},"modified":"2023-03-02T09:19:40","modified_gmt":"2023-03-02T08:19:40","slug":"cote-divoire-cmu-le-diabete-et-les-cas-davc-desormais-pris-en-charge-par-la-cnam","status":"publish","type":"news","link":"https:\/\/p4h.world\/fr\/news\/cote-divoire-cmu-le-diabete-et-les-cas-davc-desormais-pris-en-charge-par-la-cnam\/","title":{"rendered":"C\u00f4te d&#8217;Ivoire CMU : le diab\u00e8te et les cas d&#8217;AVC d\u00e9sormais pris en charge par la CNAM"},"content":{"rendered":"<p>Lors d&#8217;une journ\u00e9e de sensibilisation dans la commune d&#8217;Abobo, la Caisse nationale d&#8217;assurance maladie (CNAM) a rappel\u00e9 les bienfaits de la couverture maladie universelle dont elle est le porte \u00e9tendard. A ce jour, ce sont au total&nbsp;3.483.793 ivoiriens qui sont enr\u00f4l\u00e9s et qui b\u00e9n\u00e9ficient de la CMU.<\/p>\n<p>\u00ab Notre palier de soins est constitu\u00e9 des consultations et elles sont reparties en 12 sp\u00e9cialit\u00e9s prenant en compte 617 pathologies. En dehors des consultations, nous avons les examens de sang, l\u2019imagerie ; les hospitalisations ; les urgences, les m\u00e9dicaments. Nous prenons en charge les cas d\u2019urgence des pathologies chroniques telles que l\u2019hypertension et le diab\u00e8te. C\u2019est-\u00e0-dire nous prenons en charge quelqu\u2019un qui fait un Avc, quelqu\u2019un qui fait une pouss\u00e9e hypertensive, quelqu\u2019un fait une hyperglyc\u00e9mie et qui repose dans un sch\u00e9ma, nous les prenons en charge. C\u2019est l\u2019exception qui est faite par rapport aux pathologies que pour l\u2019heure nous ne prenons pas en charge \u00bb, a expliqu\u00e9 docteur Heind\u00e9 Benjamin, m\u00e9decin conseil \u00e0 la CNAM.&nbsp;<\/p>\n<p><a href=\"https:\/\/news.abidjan.net\/articles\/711288\/sensibilisation-sur-la-couverture-maladie-universelle-a-abobo-la-cnam-annonce-la-prise-en-charge-des-cas-davc-et-de-diabete\">Source.<\/a><\/p>\n","protected":false},"excerpt":{"rendered":"<p>Lors d&#8217;une journ\u00e9e de sensibilisation dans la commune d&#8217;Abobo, la Caisse nationale d&#8217;assurance maladie (CNAM) a rappel\u00e9 les bienfaits de la couverture maladie universelle dont elle est le porte \u00e9tendard. A ce jour, ce sont au total&nbsp;3.483.793 ivoiriens qui sont enr\u00f4l\u00e9s et qui b\u00e9n\u00e9ficient de la CMU. \u00ab Notre palier de soins est constitu\u00e9 des&#8230;<\/p>\n","protected":false},"author":1633,"featured_media":987526687,"comment_status":"closed","ping_status":"closed","template":"","meta":{"_et_pb_use_builder":"","_et_pb_old_content":"","_et_gb_content_width":""},"categories":[],"tags":[2369],"acf":[],"_links":{"self":[{"href":"https:\/\/p4h.world\/fr\/wp-json\/wp\/v2\/news\/987525829"}],"collection":[{"href":"https:\/\/p4h.world\/fr\/wp-json\/wp\/v2\/news"}],"about":[{"href":"https:\/\/p4h.world\/fr\/wp-json\/wp\/v2\/types\/news"}],"author":[{"embeddable":true,"href":"https:\/\/p4h.world\/fr\/wp-json\/wp\/v2\/users\/1633"}],"replies":[{"embeddable":true,"href":"https:\/\/p4h.world\/fr\/wp-json\/wp\/v2\/comments?post=987525829"}],"version-history":[{"count":0,"href":"https:\/\/p4h.world\/fr\/wp-json\/wp\/v2\/news\/987525829\/revisions"}],"wp:featuredmedia":[{"embeddable":true,"href":"https:\/\/p4h.world\/fr\/wp-json\/wp\/v2\/media\/987526687"}],"wp:attachment":[{"href":"https:\/\/p4h.world\/fr\/wp-json\/wp\/v2\/media?parent=987525829"}],"wp:term":[{"taxonomy":"category","embeddable":true,"href":"https:\/\/p4h.world\/fr\/wp-json\/wp\/v2\/categories?post=987525829"},{"taxonomy":"post_tag","embeddable":true,"href":"https:\/\/p4h.world\/fr\/wp-json\/wp\/v2\/tags?post=987525829"}],"curies":[{"name":"wp","href":"https:\/\/api.w.org\/{rel}","templated":true}]}}