{"id":987525890,"date":"2022-06-21T03:53:22","date_gmt":"2022-06-21T02:53:22","guid":{"rendered":"https:\/\/p4h.world\/news\/mali-ramed-3-millions-de-personnes-seront-immatriculees-en-2022\/"},"modified":"2023-03-02T09:22:31","modified_gmt":"2023-03-02T08:22:31","slug":"mali-ramed-3-millions-de-personnes-seront-immatriculees-en-2022","status":"publish","type":"news","link":"https:\/\/p4h.world\/fr\/news\/mali-ramed-3-millions-de-personnes-seront-immatriculees-en-2022\/","title":{"rendered":"Mali-RAMED : 3 millions de personnes seront immatricul\u00e9es en 2022"},"content":{"rendered":"<p><span><span><span><span><span>Apr\u00e8s Bamako et Sikasso,<\/span><\/span><span lang=\"FR\"><span> le <\/span><\/span><span><span>Ministre de la Sant\u00e9 et du D\u00e9veloppement Social Mme Dieminatou SANGAR\u00c9 <\/span><\/span><span lang=\"FR\"><span>a proc\u00e9d\u00e9, dans la ville de Kayes, ce vendredi 17 juin 2022 \u00e0 <\/span><\/span><span><span>la c\u00e9r\u00e9monie de lancement d&#8217;enr\u00f4lement de trois (3) millions d&#8217;indigents.<\/span><\/span><\/span><\/span><\/span><\/p>\n<p><span><span><span><span><span>Cette politique d&#8217;aide aux indigents <\/span><\/span><span lang=\"FR\"><span>qui s\u2019inscrit dans le cadre du R\u00e9gime d\u2019assurance maladie universelle (RAMU) <\/span><\/span><span><span>est un point important du plan d&#8217;actions gouvernemental initi\u00e9 par les plus hautes autorit\u00e9s de la Transition.<\/span><\/span> <span><span>La Ministre de la sant\u00e9 a salu\u00e9 et appr\u00e9ci\u00e9 la pr\u00e9sence effective des responsables r\u00e9gionaux impliqu\u00e9s dans les op\u00e9rations d&#8217;enr\u00f4lement de 3 millions de b\u00e9n\u00e9ficiaires au r\u00e9gime d&#8217;assistance m\u00e9dicale (RAMED).<\/span><\/span> <span><span>Selon Mme Dieminatou SANGAR\u00c9 <\/span><\/span><span lang=\"FR\"><span>le<\/span><\/span><span><span>&nbsp;socle de la vision du Pr\u00e9sident de la Transition Son Excellence le Col Assimi GOITA&nbsp; est de permettre \u00e0 chaque malien de se soigner au Mali <\/span><\/span><span lang=\"FR\"><span>\u00e0 tous les <\/span><\/span><span><span>niveau<\/span><\/span><span lang=\"FR\"><span>x<\/span><\/span><span><span> de notre pyramide.<\/span><\/span><span><span> Cette <\/span><\/span><span><span>vision s&#8217;articule autour de trois axes \u00e0 savoir :<\/span><\/span><\/span><\/span><\/span><\/p>\n<ul>\n<li><span><span><span><span lang=\"FR\"><span>D\u00e9velopper<\/span><\/span><span><span> l&#8217;offre de sant\u00e9 de qualit\u00e9 accessible g\u00e9ographiquement ;<\/span><\/span><\/span><\/span><\/span><\/li>\n<li><span><span><span><span lang=\"FR\"><span>Mettre <\/span><\/span><span><span>en place un dispositif de financement de la demande de sant\u00e9 \u00e0 travers un m\u00e9canisme de tiers payant en vue de parvenir \u00e0 la couverture sanitaire universelle ;<\/span><\/span><\/span><\/span><\/span><\/li>\n<li><span><span><span><span lang=\"FR\"><span>Apporter<\/span><\/span><span><span> le concours de \u00c9tat \u00e0 toutes les populations dans le besoin.<\/span><\/span><\/span><\/span><\/span><\/li>\n<\/ul>\n<p><span><span><span><span><span>Le Minist\u00e8re de la Sant\u00e9 et du D\u00e9veloppement Social \u00e0 travers l&#8217;Agence Nationale d&#8217;Assistance M\u00e9dicale (ANAM) s&#8217;att\u00e8le \u00e0 assurer le volet RAMED.<\/span><\/span> <span><span>Tous les acteurs ont \u00e9t\u00e9 invit\u00e9s par Mme la ministre \u00e0 s&#8217;engager pleinement dans atteinte de ces objectifs.<\/span><\/span> <span><span>Pour ce faire les services techniques du d\u00e9veloppement social doivent veiller \u00e0 l&#8217;identification et \u00e0 la sensibilisation.<\/span><\/span> <span><span>Quant aux responsables communaux et aux maires,<\/span><\/span> <span><span>ils doivent proc\u00e9der \u00e0 l&#8217;\u00e9tablissement des r\u00e9pertoires des indigents, \u00e0 la d\u00e9livrance des certificats d&#8217;indigence et au payement des contributions financi\u00e8res. <\/span><\/span><\/span><\/span><\/span><\/p>\n<p><span><span><span><span lang=\"FR\"><span>Au cours de cette c\u00e9r\u00e9monie, <\/span><\/span><span><span>le bon exemple de la commune rurale de Logo a \u00e9t\u00e9 <\/span><\/span><span lang=\"FR\"><span>mis en exergue. Ainsi une attestation de bon exemple a \u00e9t\u00e9 attribu\u00e9e \u00e0 cette commune <\/span><\/span><span><span>pour avoir pay\u00e9 sa part de contribution. <\/span><\/span><span lang=\"FR\"><span>Cette c\u00e9r\u00e9monie a \u00e9t\u00e9 l&#8217;occasion d\u2019inviter chaque acteur \u00e0 mettre du sien en vue&nbsp;<\/span><\/span><span><span>de la r\u00e9ussite de cette politique \u00e0 l&#8217;endroit des indigents.<\/span><\/span><\/span><\/span><\/span><\/p>\n<p><em><strong><span><span><span><span><span>Serge MAYAKA.<\/span><\/span><\/span><\/span><\/span><\/strong><\/em><\/p>\n<p><em><strong><span><span><span><span><span>CFP\/Mali<\/span><\/span><\/span><\/span><\/span><\/strong><\/em><\/p>\n<p><a href=\"http:\/\/www.sante.gov.ml\/\"><span><span><span><span><span>Source.<\/span><\/span><\/span><\/span><\/span><\/a><\/p>\n","protected":false},"excerpt":{"rendered":"<p>Apr\u00e8s Bamako et Sikasso, le Ministre de la Sant\u00e9 et du D\u00e9veloppement Social Mme Dieminatou SANGAR\u00c9 a proc\u00e9d\u00e9, dans la ville de Kayes, ce vendredi 17 juin 2022 \u00e0 la c\u00e9r\u00e9monie de lancement d&#8217;enr\u00f4lement de trois (3) millions d&#8217;indigents. Cette politique d&#8217;aide aux indigents qui s\u2019inscrit dans le cadre du R\u00e9gime d\u2019assurance maladie universelle (RAMU)&#8230;<\/p>\n","protected":false},"author":1633,"featured_media":987526884,"comment_status":"closed","ping_status":"closed","template":"","meta":{"_et_pb_use_builder":"","_et_pb_old_content":"","_et_gb_content_width":""},"categories":[],"tags":[],"acf":[],"_links":{"self":[{"href":"https:\/\/p4h.world\/fr\/wp-json\/wp\/v2\/news\/987525890"}],"collection":[{"href":"https:\/\/p4h.world\/fr\/wp-json\/wp\/v2\/news"}],"about":[{"href":"https:\/\/p4h.world\/fr\/wp-json\/wp\/v2\/types\/news"}],"author":[{"embeddable":true,"href":"https:\/\/p4h.world\/fr\/wp-json\/wp\/v2\/users\/1633"}],"replies":[{"embeddable":true,"href":"https:\/\/p4h.world\/fr\/wp-json\/wp\/v2\/comments?post=987525890"}],"version-history":[{"count":0,"href":"https:\/\/p4h.world\/fr\/wp-json\/wp\/v2\/news\/987525890\/revisions"}],"wp:featuredmedia":[{"embeddable":true,"href":"https:\/\/p4h.world\/fr\/wp-json\/wp\/v2\/media\/987526884"}],"wp:attachment":[{"href":"https:\/\/p4h.world\/fr\/wp-json\/wp\/v2\/media?parent=987525890"}],"wp:term":[{"taxonomy":"category","embeddable":true,"href":"https:\/\/p4h.world\/fr\/wp-json\/wp\/v2\/categories?post=987525890"},{"taxonomy":"post_tag","embeddable":true,"href":"https:\/\/p4h.world\/fr\/wp-json\/wp\/v2\/tags?post=987525890"}],"curies":[{"name":"wp","href":"https:\/\/api.w.org\/{rel}","templated":true}]}}