{"id":987525896,"date":"2022-05-25T03:53:24","date_gmt":"2022-05-25T02:53:24","guid":{"rendered":"https:\/\/p4h.world\/news\/assurance-maladie-au-burkina-sa-mise-en-oeuvre-selon-diakonia\/"},"modified":"2023-03-02T09:27:07","modified_gmt":"2023-03-02T08:27:07","slug":"assurance-maladie-au-burkina-sa-mise-en-oeuvre-selon-diakonia","status":"publish","type":"news","link":"https:\/\/p4h.world\/fr\/news\/assurance-maladie-au-burkina-sa-mise-en-oeuvre-selon-diakonia\/","title":{"rendered":"Assurance Maladie au Burkina : Sa mise en \u0153uvre selon DIAKONIA"},"content":{"rendered":"<p>L&#8217;ONG DIAKONIA r\u00e9uni depuis ce matin \u00e0 Bobo Dioulasso, les parties prenantes \u00e0 la mise en \u0153uvre du RAMU. A la faveur d&#8217;un atelier d&#8217;\u00e9changes, il s&#8217;agit l\u00e0, d\u2019offrir un cadre de concertation \u00e0 tous les acteurs intervenant dans la mise en \u0153uvre de l\u2019AMU (Assurance maladie universelle), de faciliter la synergie et la coordination des actions entre les parties prenantes, de partager les bonnes approches, d\u00e9fis et perspectives dans la mise en \u0153uvre de la politique de l\u2019AMU et de justifier des actions correctives aux dysfonctionnements enregistr\u00e9s dans la mise en \u0153uvre de l\u2019AMU.<\/p>\n<p>Les participants sont des repr\u00e9sentants des organisations partenaires du Programme de renforcement de l\u2019engagement citoyen et de la responsabilit\u00e9 des gouvernants dans la mise en \u0153uvre de la politique de l\u2019Assurance maladie universelle (AMU) au Burkina Faso et les parties prenantes impliqu\u00e9es.<\/p>\n<p>Le Burkina Faso a en effet marqu\u00e9 sa volont\u00e9 de doter les populations d\u2019une couverture sant\u00e9 universelle.&nbsp;C\u2019est dans son r\u00f4le d\u2019accompagner le gouvernement par ses interventions notamment en sant\u00e9 universelle que DIAKONIA et ses partenaires que sont ASES, ASMADE, SOSJD et RAME ont mis en \u0153uvre depuis janvier 2020, le \u00ab&nbsp;Programme de renforcement de l\u2019engagement citoyen et de la responsabilit\u00e9 des gouvernants dans la mise en \u0153uvre de la politique de l\u2019assurance maladie universelle au Burkina Faso&nbsp;\u00bb en vue de contribuer \u00e0 une mise en \u0153uvre juste et durable de cette politique.<\/p>\n<p><a href=\"https:\/\/lefaso.net\/spip.php?article113182\">Lire plus<\/a>.<\/p>\n","protected":false},"excerpt":{"rendered":"<p>L&#8217;ONG DIAKONIA r\u00e9uni depuis ce matin \u00e0 Bobo Dioulasso, les parties prenantes \u00e0 la mise en \u0153uvre du RAMU. A la faveur d&#8217;un atelier d&#8217;\u00e9changes, il s&#8217;agit l\u00e0, d\u2019offrir un cadre de concertation \u00e0 tous les acteurs intervenant dans la mise en \u0153uvre de l\u2019AMU (Assurance maladie universelle), de faciliter la synergie et la coordination&#8230;<\/p>\n","protected":false},"author":1633,"featured_media":987527127,"comment_status":"closed","ping_status":"closed","template":"","meta":{"_et_pb_use_builder":"","_et_pb_old_content":"","_et_gb_content_width":""},"categories":[],"tags":[2477],"acf":[],"_links":{"self":[{"href":"https:\/\/p4h.world\/fr\/wp-json\/wp\/v2\/news\/987525896"}],"collection":[{"href":"https:\/\/p4h.world\/fr\/wp-json\/wp\/v2\/news"}],"about":[{"href":"https:\/\/p4h.world\/fr\/wp-json\/wp\/v2\/types\/news"}],"author":[{"embeddable":true,"href":"https:\/\/p4h.world\/fr\/wp-json\/wp\/v2\/users\/1633"}],"replies":[{"embeddable":true,"href":"https:\/\/p4h.world\/fr\/wp-json\/wp\/v2\/comments?post=987525896"}],"version-history":[{"count":0,"href":"https:\/\/p4h.world\/fr\/wp-json\/wp\/v2\/news\/987525896\/revisions"}],"wp:featuredmedia":[{"embeddable":true,"href":"https:\/\/p4h.world\/fr\/wp-json\/wp\/v2\/media\/987527127"}],"wp:attachment":[{"href":"https:\/\/p4h.world\/fr\/wp-json\/wp\/v2\/media?parent=987525896"}],"wp:term":[{"taxonomy":"category","embeddable":true,"href":"https:\/\/p4h.world\/fr\/wp-json\/wp\/v2\/categories?post=987525896"},{"taxonomy":"post_tag","embeddable":true,"href":"https:\/\/p4h.world\/fr\/wp-json\/wp\/v2\/tags?post=987525896"}],"curies":[{"name":"wp","href":"https:\/\/api.w.org\/{rel}","templated":true}]}}