{"id":987536206,"date":"2019-09-03T07:28:13","date_gmt":"2019-09-03T06:28:13","guid":{"rendered":"https:\/\/p4h.world\/news\/echange-au-sujet-du-point-focal-a-la-rencontre-ooas-du-togo\/"},"modified":"2019-09-03T07:28:13","modified_gmt":"2019-09-03T06:28:13","slug":"echange-au-sujet-du-point-focal-a-la-rencontre-ooas-du-togo","status":"publish","type":"news","link":"https:\/\/p4h.world\/fr\/news\/echange-au-sujet-du-point-focal-a-la-rencontre-ooas-du-togo\/","title":{"rendered":"Echange au sujet du point focal \u00e0 la rencontre OOAS du Togo"},"content":{"rendered":"<p>L&#8217;OOAS rassemble lors de cette rencontre des repr\u00e9sentants nationaux issus des pays de la CEDEAO en charge des questions de couverture sanitaire universelle, avec un focus sur l&#8217;assurance maladie. Il s&#8217;agit de d\u00e9velopper un &#8220;guide&#8221;&#8230; Le point focal P4H &#8220;Afrique de l&#8217;Ouest&#8221; vient comme repr\u00e9sentant de l&#8217;OMS venu apporter une caution technique mais aussi son analyse critique sur un travail un peu compliqu\u00e9 et discutable dans sa m\u00e9thodologie.<\/p>\n<p>Toujours est-il qu&#8217;\u00e0 l&#8217;occasion de cette rencontre, un \u00e9change fructueux a lieu avec le point focal &#8220;financement de la sant\u00e9&#8221; de la Direction des Etudes et de la Planification du Minist\u00e8re de la Sant\u00e9 du Niger. Il est devenu \u00e9vident pour celui-ci qu&#8217;un assistant technique sp\u00e9cialiste du financement de la sant\u00e9 doit venir l&#8217;appuyer notamment pour assurer un peu d&#8217;ordre au sein des appuis des partenaires techniques et financiers.<\/p>\n<p>Fort de cette appropriation, le point focal P4H propose d&#8217;envoyer au Minist\u00e8re des exemples de demandes d&#8217;appui \u00e0 P4H faites par diff\u00e9rents pays de la sous-r\u00e9gion.<\/p>\n<p><b>Event Time : <\/b>29 Nov 2016 8:00 am to 02 Dec 2016 3:00 pm<br \/><b>Timezone: <\/b><br \/><b>Event is Conference : <\/b>No<\/p>\n","protected":false},"excerpt":{"rendered":"<p>L&#8217;OOAS rassemble lors de cette rencontre des repr\u00e9sentants nationaux issus des pays de la CEDEAO en charge des questions de couverture sanitaire universelle, avec un focus sur l&#8217;assurance maladie. Il s&#8217;agit de d\u00e9velopper un &#8220;guide&#8221;&#8230; Le point focal P4H &#8220;Afrique de l&#8217;Ouest&#8221; vient comme repr\u00e9sentant de l&#8217;OMS venu apporter une caution technique mais aussi son&#8230;<\/p>\n","protected":false},"author":333,"featured_media":987536207,"comment_status":"closed","ping_status":"closed","template":"","meta":{"_et_pb_use_builder":"","_et_pb_old_content":"","_et_gb_content_width":""},"categories":[2431],"tags":[],"acf":[],"_links":{"self":[{"href":"https:\/\/p4h.world\/fr\/wp-json\/wp\/v2\/news\/987536206"}],"collection":[{"href":"https:\/\/p4h.world\/fr\/wp-json\/wp\/v2\/news"}],"about":[{"href":"https:\/\/p4h.world\/fr\/wp-json\/wp\/v2\/types\/news"}],"author":[{"embeddable":true,"href":"https:\/\/p4h.world\/fr\/wp-json\/wp\/v2\/users\/333"}],"replies":[{"embeddable":true,"href":"https:\/\/p4h.world\/fr\/wp-json\/wp\/v2\/comments?post=987536206"}],"version-history":[{"count":0,"href":"https:\/\/p4h.world\/fr\/wp-json\/wp\/v2\/news\/987536206\/revisions"}],"wp:featuredmedia":[{"embeddable":true,"href":"https:\/\/p4h.world\/fr\/wp-json\/wp\/v2\/media\/987536207"}],"wp:attachment":[{"href":"https:\/\/p4h.world\/fr\/wp-json\/wp\/v2\/media?parent=987536206"}],"wp:term":[{"taxonomy":"category","embeddable":true,"href":"https:\/\/p4h.world\/fr\/wp-json\/wp\/v2\/categories?post=987536206"},{"taxonomy":"post_tag","embeddable":true,"href":"https:\/\/p4h.world\/fr\/wp-json\/wp\/v2\/tags?post=987536206"}],"curies":[{"name":"wp","href":"https:\/\/api.w.org\/{rel}","templated":true}]}}