{"id":987536274,"date":"2018-01-18T07:29:16","date_gmt":"2018-01-18T06:29:16","guid":{"rendered":"https:\/\/p4h.world\/news\/mission-bm-gff-burkina-faso\/"},"modified":"2018-01-18T07:29:16","modified_gmt":"2018-01-18T06:29:16","slug":"mission-bm-gff-burkina-faso","status":"publish","type":"news","link":"https:\/\/p4h.world\/fr\/news\/mission-bm-gff-burkina-faso\/","title":{"rendered":"mission BM \/ GFF Burkina Faso"},"content":{"rendered":"<p><strong><u><span><span><span>Lundi : <\/span><\/span><\/span><\/u><\/strong><strong><span><span><span>s\u00e9rie de rencontres avec le MINEFID, La soci\u00e9t\u00e9 civile, le priv\u00e9 sanitaire, la BM<\/span><\/span><\/span><\/strong><\/p>\n<p><strong><u><span><span><span>Mardi 20 f\u00e9vrier 2018.<\/span><\/span><\/span><\/u><\/strong><span><span><span> <\/span><\/span><\/span><\/p>\n<ul>\n<li><span><strong><span><span>12h00-12h45 :<\/span><\/span><\/strong><span><span> Visite de courtoisie au Ministre de la sant\u00e9.<\/span><\/span><\/span><\/li>\n<\/ul>\n<ul>\n<li><span><span><span>Lieu : Salle d\u2019audience du Ministre de la sant\u00e9.<\/span><\/span><\/span><\/li>\n<li><span><span><span>Contenu de l\u2019audience : Visite de courtoisie et \u00e9changes autour des objectifs de la mission.<\/span><\/span><\/span><\/li>\n<li><span><span><strong><span><span>15h00- 17h30 :<\/span><\/span><\/strong><span><span> Rencontre avec un groupe cl\u00e9 de PTF (USAID, BM, UE, OMS, UNICEF, UNFPA, BMGF, AFD, France, Canada, Japon). <\/span><\/span><\/span><\/span><\/li>\n<\/ul>\n<ul>\n<li><span><span><span><span>Lieu : A d\u00e9terminer par les PTF.<\/span><\/span><\/span><\/span><\/li>\n<\/ul>\n<ul>\n<li><span><span><span><span>Contenu de la rencontre : i) Apporter des r\u00e9ponses \u00e0 certains questionnements sur le GFF, ii) Echanges informels autour de qui responsabiliser pour prendre le lead sur tel out tel aspect du GFF afin d\u2019\u00eatre mieux pr\u00e9parer pour participer aux diff\u00e9rentes rencontres ult\u00e9rieures durant la mission du Secr\u00e9tariat. + projet de feuille de route pour le DI<\/span><\/span><\/span><\/span><\/li>\n<\/ul>\n<p><span><strong><u><span><span><span>Mercredi 21 f\u00e9vrier 2018. <\/span><\/span><\/span><\/u><\/strong><\/span><\/p>\n<ul>\n<li><span><span><strong><span><span>9h00 \u2013 17h00 :<\/span><\/span><\/strong><span><span> Rencontre avec toutes les parties prenantes (Minist\u00e8res en charge de la sant\u00e9, des Finances, PTF, Soci\u00e9t\u00e9 civile, secteur priv\u00e9).<\/span><\/span><\/span><\/span><\/li>\n<\/ul>\n<ul>\n<li><span><strong><span><span><span>Lieu:<\/span><\/span><\/span><\/strong><span><span><span> Salle de conf\u00e9rence de l\u2019h\u00f4pital Blaise Compaor\u00e9.<\/span><\/span><\/span><\/span><\/li>\n<li><span><strong><span><span><span>Contenu :<\/span><\/span><\/span><\/strong><span><span><span> Pr\u00e9sentation du GFF, ii) Echanges autour de la feuille de route de l\u2019\u00e9laboration du dossier d\u2019investissement, iii) Echanges autour de la plateforme.<\/span><\/span><\/span><\/span><\/li>\n<\/ul>\n<p><span><strong><u><span lang=\"EN-US\"><span><span>Jeudi 22 f\u00e9vrier 2018.<\/span><\/span><\/span><\/u><\/strong><\/span><\/p>\n<ul>\n<li><span><span><strong><span><span>9h-12h :<\/span><\/span><\/strong><span><span> Poursuite de l\u2019atelier avec toutes les parties prenantes<\/span><\/span><\/span><\/span><\/li>\n<li><span><span><span><span>Pr\u00e9sentation de la feuille de route \u00e0 la grande r\u00e9union des PTF.<\/span><\/span><\/span><\/span><\/li>\n<\/ul>\n<ul>\n<li><span><span><span><span>Contenu : Pr\u00e9sentation du GFF, Feuille de route<\/span><\/span><\/span><\/span><\/li>\n<li><span><span><span><span>Echanges autour de la feuille pour recueillir les ultimes inputs des PTF sur la feuille de route. <\/span><\/span><\/span><\/span><\/li>\n<li><span><span><strong><span><span>15h-16h :<\/span><\/span><\/strong><span><span> Rencontre de cl\u00f4ture faisant office de lancement officiel du processus avec les diff\u00e9rentes parties prenantes.<\/span><\/span><\/span><\/span><\/li>\n<\/ul>\n<ul>\n<li><span><span><span><span>Contenu : Pr\u00e9sentation succincte sur le GFF et \u00e9changes sur les principaux r\u00e9sultats de la mission et les prochaines \u00e9tapes. <\/span><\/span><\/span><\/span><\/li>\n<li><span><span><span><span>Concern\u00e9s : Ministres en charge de la sant\u00e9 et de l\u2019\u00e9conomie, PTF , SG sant\u00e9, Cabinet du Ministre de la sant\u00e9, DGCOOP, DGEP, DGB, Directeurs centraux du Minist\u00e8re de la sant\u00e9, Soci\u00e9t\u00e9 civile, secteur priv\u00e9, DCPM, Organes de presse.<\/span><\/span><\/span><\/span><\/li>\n<li><span><span><span><span>Lieu : salle de r\u00e9union de conf\u00e9rence de la DGCOOP.<\/span><\/span><\/span><\/span><\/li>\n<\/ul>\n<p><span><u><span><span><span>Vendredi 23 f\u00e9vrier 2018.<\/span><\/span><\/span><\/u><\/span><\/p>\n<ul>\n<li><span><span><strong><span><span>8h- 11h :<\/span><\/span><\/strong><u> <\/u><span><span>Visite terrain dans une formation sanitaire (Gratuit\u00e9 des soins, FBR, \u2026.)<\/span><\/span><\/span><\/span><\/li>\n<\/ul>\n<ul>\n<li><span><span><span><span>Lieu : \u00e0 d\u00e9terminer<\/span><\/span><\/span><\/span><\/li>\n<li><span><span><span><span>Contenu : Offre de soins et services et achat strat\u00e9gique (Gratuit\u00e9, FBR, etc\u2026.)<\/span><\/span><\/span><\/span><\/li>\n<li><span><span><strong><span><span>12h-13h<\/span><\/span><\/strong><span><span> D\u00e9briefing g\u00e9n\u00e9ral du Secr\u00e9tariat avec SG et les autres membres de l\u2019\u00e9quipe GFF.<\/span><\/span><\/span><\/span><\/li>\n<\/ul>\n<p>&nbsp;<\/p>\n<p>&nbsp;<\/p>\n<p><b>Event Time : <\/b>12 Feb 2018 8:00 am to 23 Feb 2018 3:00 pm<br \/><b>Timezone: <\/b><br \/><b>Event is Conference : <\/b>No<\/p>\n","protected":false},"excerpt":{"rendered":"<p>Lundi : s\u00e9rie de rencontres avec le MINEFID, La soci\u00e9t\u00e9 civile, le priv\u00e9 sanitaire, la BM Mardi 20 f\u00e9vrier 2018. 12h00-12h45 : Visite de courtoisie au Ministre de la sant\u00e9. Lieu : Salle d\u2019audience du Ministre de la sant\u00e9. Contenu de l\u2019audience : Visite de courtoisie et \u00e9changes autour des objectifs de la mission. 15h00-&#8230;<\/p>\n","protected":false},"author":333,"featured_media":0,"comment_status":"closed","ping_status":"closed","template":"","meta":{"_et_pb_use_builder":"","_et_pb_old_content":"","_et_gb_content_width":""},"categories":[],"tags":[2369],"acf":[],"_links":{"self":[{"href":"https:\/\/p4h.world\/fr\/wp-json\/wp\/v2\/news\/987536274"}],"collection":[{"href":"https:\/\/p4h.world\/fr\/wp-json\/wp\/v2\/news"}],"about":[{"href":"https:\/\/p4h.world\/fr\/wp-json\/wp\/v2\/types\/news"}],"author":[{"embeddable":true,"href":"https:\/\/p4h.world\/fr\/wp-json\/wp\/v2\/users\/333"}],"replies":[{"embeddable":true,"href":"https:\/\/p4h.world\/fr\/wp-json\/wp\/v2\/comments?post=987536274"}],"version-history":[{"count":0,"href":"https:\/\/p4h.world\/fr\/wp-json\/wp\/v2\/news\/987536274\/revisions"}],"wp:attachment":[{"href":"https:\/\/p4h.world\/fr\/wp-json\/wp\/v2\/media?parent=987536274"}],"wp:term":[{"taxonomy":"category","embeddable":true,"href":"https:\/\/p4h.world\/fr\/wp-json\/wp\/v2\/categories?post=987536274"},{"taxonomy":"post_tag","embeddable":true,"href":"https:\/\/p4h.world\/fr\/wp-json\/wp\/v2\/tags?post=987536274"}],"curies":[{"name":"wp","href":"https:\/\/api.w.org\/{rel}","templated":true}]}}