{"id":987536300,"date":"2020-09-28T07:29:38","date_gmt":"2020-09-28T06:29:38","guid":{"rendered":"https:\/\/p4h.world\/news\/prochain-webinaire-p4h-sur-covid-19-et-financement-de-la-sante-le-cas-du-maroc-vendredi-2-octobre-a-11h-cet\/"},"modified":"2020-09-28T07:29:38","modified_gmt":"2020-09-28T06:29:38","slug":"prochain-webinaire-p4h-sur-covid-19-et-financement-de-la-sante-le-cas-du-maroc-vendredi-2-octobre-a-11h-cet","status":"publish","type":"news","link":"https:\/\/p4h.world\/fr\/news\/prochain-webinaire-p4h-sur-covid-19-et-financement-de-la-sante-le-cas-du-maroc-vendredi-2-octobre-a-11h-cet\/","title":{"rendered":"Prochain webinaire P4H sur COVID-19 et financement de la sant\u00e9 : le cas du Maroc -Vendredi 2 octobre \u00e0 11h CET."},"content":{"rendered":"<blockquote>\n<p>COVID-19 et financement de la sant\u00e9 : le cas du Maroc&nbsp;<\/p>\n<p>Pour participer au webinaire veuillez cliquer sur le lien, <a href=\"https:\/\/who.webex.com\/who\/j.php?MTID=mbe9c40170215c23c3e033750fb4410e2\">cliquez&nbsp;<\/a><\/p>\n<\/blockquote>\n<ul>\n<li><span><span><span><span>11h \u00e0 11h30 &#8211; Pr\u00e9sentation du minist\u00e8re de la sant\u00e9 du Maroc : <\/span>Abdelouahab Belmadani,&nbsp;<span>Directeur des&nbsp;ressources financi\u00e8res du minist\u00e8re.<\/span><\/span><\/span><\/span><\/li>\n<li><span><span><span><span>11h30 \u00e0 12h &#8211; dialogue avec les 3 pan\u00e9listes :<\/span><\/span><\/span><\/span><span><span><span>&nbsp;Awad Mataria, Directeur CSU, OMS\/EMRO &#8211;&nbsp;<\/span><\/span><\/span><span><span><span>&nbsp;Maud Juquois, Economiste principale en sant\u00e9,&nbsp;Banque Mondiale&nbsp; &#8211;&nbsp;<\/span><\/span><\/span><span><span><span>Andrei Tretyak, Charg\u00e9 du financement de la sant\u00e9, Expertise France<\/span><\/span><\/span><\/li>\n<\/ul>\n<p><span><span><span>Facilitation : Claude Meyer, Bureau de coordination P4H, OMS\/Gen\u00e8ve<\/span><\/span><\/span><\/p>\n<ul>\n<li><span><span><span><span>12h \u00e0 12h30 questions r\u00e9ponses ouvertes.<\/span><\/span><\/span><\/span><\/li>\n<\/ul>\n<p>&nbsp;<\/p>\n<p><u>BIOGRAPHIES<\/u><\/p>\n<p>Pr\u00e9sentateur : <u><strong>Abdelouahab Belmadani <\/strong><\/u><\/p>\n<p><span><span><span><strong>Abdelouahab Belmadani&nbsp;<\/strong>est&nbsp;Directeur&nbsp;de la planification des ressources financi\u00e8res du minist\u00e8re de la sant\u00e9 au Maroc. Il assure \u00e9galement le poste du directeur par int\u00e9rim de la Direction des Equipements et de la Maintenance. Il est ing\u00e9nieur d\u2019\u00e9tat de formation et titulaire d\u2019un master en Banque et March\u00e9s Financiers de l\u2019universit\u00e9 Fran\u00e7ois Rabelais de Tours \u2013 France et plusieurs formations certifi\u00e9es dans le domaine des finances. Il \u00e9tait chef de service et chef de division \u00e0 la direction du budget au minist\u00e8re des finances (2010-2018) o\u00f9 il a particip\u00e9 au processus de la pr\u00e9paration et de la mise en \u0153uvre de la loi organique des finances (budg\u00e9tisation ax\u00e9e sur les r\u00e9sultats, programmation pluriannuelle, r\u00e9forme de la nomenclature budg\u00e9taire,..). Il a particip\u00e9 \u00e9galement \u00e0 plusieurs projets structurants en relation avec le financement public et la relation avec les partenaires techniques et financiers. Il est membre du Comit\u00e9 Technique Interminist\u00e9riel de la r\u00e9forme de la protection sociale, groupe couverture universelle en sant\u00e9. Il a g\u00e9r\u00e9 le processus d\u2019organisation de la conf\u00e9rence nationale sur le financement de la sant\u00e9 au Maroc qui s&#8217;est tenue en juin 2019 avec le haut patronage du Roi du Maroc. Une strat\u00e9gie nationale sur le financement de la sant\u00e9 \u00e9manant de ce processus est en cours de validation. Il a \u00e9galement particip\u00e9 activement \u00e0 la gestion de la crise du COVID-19&nbsp;au Maroc de par ses nouvelles responsabilit\u00e9s comme directeur par int\u00e9rim en charge des investissements et \u00e9quipement des structures de sant\u00e9.<\/span><\/span><\/span><\/p>\n<p>&nbsp;<\/p>\n<p><span><span><span><span><span><span>Pan\u00e9listes :<\/span><\/span><\/span><\/span><\/span><\/span><\/p>\n<p><strong>Awad Mataria<\/strong> est le directeur de \u00ab&nbsp;couverture sanitaire universelle et syst\u00e8mes de sant\u00e9&nbsp;\u00bb au Bureau r\u00e9gional de la M\u00e9diterran\u00e9e orientale (EMRO) de l&#8217;Organisation mondiale de la sant\u00e9. Il est pharmacien de formation et titulaire d&#8217;un master en analyse des syst\u00e8mes de sant\u00e9 de l&#8217;Universit\u00e9 de Rennes I &#8211; Rennes \/ France, et d&#8217;un doctorat en \u00e9conomie de la sant\u00e9 de l&#8217;Universit\u00e9 de la M\u00e9diterran\u00e9e &#8211; Marseille \/ France. Il a \u00e9galement effectu\u00e9 une partie de sa formation \u00e0 l&#8217;Universit\u00e9 de Lyon I &#8211; Lyon \/ France, et \u00e0 l&#8217;\u00c9cole nationale de la sant\u00e9 publique &#8211; Rennes \/ France. Les domaines d\u2019expertise du Dr Mataria couvrent le d\u00e9veloppement des syst\u00e8mes de sant\u00e9, la couverture sanitaire universelle, le financement et l\u2019organisation des syst\u00e8mes de soins de sant\u00e9, l\u2019utilisation de l\u2019\u00e9conomie dans l\u2019\u00e9tablissement des priorit\u00e9s des soins de sant\u00e9, l\u2019\u00e9valuation \u00e9conomique des interventions de soins de sant\u00e9 (analyse co\u00fbt-efficacit\u00e9, analyse co\u00fbt-utilit\u00e9 et analyses co\u00fbt-b\u00e9n\u00e9fice), l\u2019assurance maladie sociale, mesurer les avantages des soins de sant\u00e9 principalement en utilisant des techniques de pr\u00e9f\u00e9rences d\u00e9clar\u00e9es, et les comptes nationaux de la sant\u00e9. Il a pr\u00e9sent\u00e9 dans plusieurs conf\u00e9rences r\u00e9gionales et internationales et a publi\u00e9 ses travaux dans diverses revues r\u00e9put\u00e9es.<\/p>\n<p><strong><span><span><span><span><span><span>Maud Juquois<\/span><\/span><\/span><\/span><\/span><\/span><\/strong>&nbsp;est \u00e9conomiste principale de la sant\u00e9 \u00e0 la Banque Mondiale, bas\u00e9e \u00e0 Antananarivo, Madagascar. Depuis 10 ans \u00e0 la Banque Mondiale, elle a travaill\u00e9 sur les questions de couverture sant\u00e9 universelle et financement de la sant\u00e9 dans diff\u00e9rents pays de la r\u00e9gion Afrique, et notamment le S\u00e9n\u00e9gal, B\u00e9nin et Cameroun.<\/p>\n<p><span><span><span><span><span><span><strong>Andrei Tretyak<\/strong> est responsable du p\u00f4le Protection sociale et Travail d\u00e9cent&nbsp;\/ D\u00e9partement Capital humain et D\u00e9veloppement social \u00e0 Expertise France. <\/span><\/span><span><span>Fort d\u2019une exp\u00e9rience professionnelle de pr\u00e8s de 20 ans dans la mise en \u0153uvre des politiques dans le domaine de la protection sociale, Andrei Tretyak&nbsp;a travaill\u00e9 sur le sujet du financement de la sant\u00e9 et la mise en place de l\u2019assurance maladie obligatoire dans les nombreux pays. Depuis 2003 il travaille dans la coop\u00e9ration internationale du syst\u00e8me de protection sociale fran\u00e7aise. Il a dirig\u00e9 de nombreuses missions d\u2019expertise et de conseil dans ce cadre en appui des institutions partenaires. Ses exp\u00e9riences plus r\u00e9centes l\u2019ont amen\u00e9 \u00e0 se placer comme interlocuteur privil\u00e9gi\u00e9 des partenaires, au plus haut niveau dans le secteur de la protection sociale au Maroc, en Alg\u00e9rie, en Jordanie, en Croatie, en Ukraine, Azerba\u00efdjan ou encore au Gabon et au Congo. Il a notamment dirig\u00e9 le projet de jumelage UE&nbsp; \u00ab Accompagner la mise en place de l\u2019observation et le suivi des indicateurs de protection sociale\u00bb au Maroc (03\/2015 -09\/2017) et particip\u00e9 dans le projet de jumelage UE \u201cRenforcement de la gouvernance et du suivi de la Couverture M\u00e9dicale de Base au Maroc\u201d en 2018 &#8211; 2020.<\/span><\/span><\/span><\/span><\/span><\/span><\/p>\n<p>&nbsp;<\/p>\n<p>&nbsp;<\/p>\n<p>&nbsp;<\/p>\n<p><b>Event Time : <\/b>02 Oct 2020 9:00 am to 02 Oct 2020 10:30 am<br \/><b>Timezone: <\/b><br \/><b>Event is Conference : <\/b>No<\/p>\n","protected":false},"excerpt":{"rendered":"<p>COVID-19 et financement de la sant\u00e9 : le cas du Maroc&nbsp; Pour participer au webinaire veuillez cliquer sur le lien, cliquez&nbsp; 11h \u00e0 11h30 &#8211; Pr\u00e9sentation du minist\u00e8re de la sant\u00e9 du Maroc : Abdelouahab Belmadani,&nbsp;Directeur des&nbsp;ressources financi\u00e8res du minist\u00e8re. 11h30 \u00e0 12h &#8211; dialogue avec les 3 pan\u00e9listes :&nbsp;Awad Mataria, Directeur CSU, OMS\/EMRO &#8211;&nbsp;&nbsp;Maud&#8230;<\/p>\n","protected":false},"author":181,"featured_media":987536301,"comment_status":"closed","ping_status":"closed","template":"","meta":{"_et_pb_use_builder":"","_et_pb_old_content":"","_et_gb_content_width":""},"categories":[2431],"tags":[2847,2433],"acf":[],"_links":{"self":[{"href":"https:\/\/p4h.world\/fr\/wp-json\/wp\/v2\/news\/987536300"}],"collection":[{"href":"https:\/\/p4h.world\/fr\/wp-json\/wp\/v2\/news"}],"about":[{"href":"https:\/\/p4h.world\/fr\/wp-json\/wp\/v2\/types\/news"}],"author":[{"embeddable":true,"href":"https:\/\/p4h.world\/fr\/wp-json\/wp\/v2\/users\/181"}],"replies":[{"embeddable":true,"href":"https:\/\/p4h.world\/fr\/wp-json\/wp\/v2\/comments?post=987536300"}],"version-history":[{"count":0,"href":"https:\/\/p4h.world\/fr\/wp-json\/wp\/v2\/news\/987536300\/revisions"}],"wp:featuredmedia":[{"embeddable":true,"href":"https:\/\/p4h.world\/fr\/wp-json\/wp\/v2\/media\/987536301"}],"wp:attachment":[{"href":"https:\/\/p4h.world\/fr\/wp-json\/wp\/v2\/media?parent=987536300"}],"wp:term":[{"taxonomy":"category","embeddable":true,"href":"https:\/\/p4h.world\/fr\/wp-json\/wp\/v2\/categories?post=987536300"},{"taxonomy":"post_tag","embeddable":true,"href":"https:\/\/p4h.world\/fr\/wp-json\/wp\/v2\/tags?post=987536300"}],"curies":[{"name":"wp","href":"https:\/\/api.w.org\/{rel}","templated":true}]}}