{"id":987632592,"date":"2023-04-19T11:18:57","date_gmt":"2023-04-19T10:18:57","guid":{"rendered":"https:\/\/p4h.world\/news\/vacancy-administrateur-technique-sante-et-protection-sociale-p3-a-loit\/"},"modified":"2023-06-01T15:20:24","modified_gmt":"2023-06-01T14:20:24","slug":"vacancy-administrateur-technique-sante-et-protection-sociale-p3-a-loit","status":"publish","type":"news","link":"https:\/\/p4h.world\/fr\/news\/vacancy-administrateur-technique-sante-et-protection-sociale-p3-a-loit\/","title":{"rendered":"VACANCY | Administrateur technique, Sant\u00e9 et protection sociale, P3 \u00e0 l&#8217;OIT"},"content":{"rendered":"<p>[et_pb_section fb_built=&#8221;1&#8243; admin_label=&#8221;! !! NE PAS MODIFIER ! !!&#8221; _builder_version=&#8221;4.19.5&#8243; _module_preset=&#8221;default&#8221; global_colors_info=&#8221;{}&#8221;][et_pb_row admin_label=&#8221;!!! PLEASE DO NOT EDIT !!!&#8221; _builder_version=&#8221;4.19.5&#8243; _module_preset=&#8221;default&#8221; global_colors_info=&#8221;{}&#8221;][et_pb_column type=&#8221;4_4&#8243; _builder_version=&#8221;4.19.5&#8243; _module_preset=&#8221;default&#8221; global_colors_info=&#8221;{}&#8221;][et_pb_text admin_label=&#8221;TO BE EDITED &#8211; SUMMARY &#8211; Click on the WHEEL icon to open the textarea where you can paste or type your summary.  Summary should be in bold and 250-300 characters. The counter at the bottom can help.&#8221; _builder_version=&#8221;4.20.4&#8243; _module_preset=&#8221;default&#8221; custom_padding=&#8221;||20px||false|false&#8221; global_colors_info=&#8221;{}&#8221;]<\/p>\n<p><strong>L&#8217;Organisation internationale du travail (OIT) recherche un agent technique pour son unit\u00e9 &#8220;Politique sociale&#8221; sous l&#8217;\u00e9gide de l&#8217;OIT. <\/strong><strong>sociale sous le d\u00e9partement de la protection sociale (SOC\/POLICY) \u00e0 Gen\u00e8ve.<\/strong><strong>le d\u00e9partement de la protection sociale (SOC\/POLICY) \u00e0 Gen\u00e8ve.<\/strong><\/p>\n<p>[\/et_pb_text][et_pb_text admin_label=&#8221;TO BE EDITED &#8211; TEXT OF THE NEWS &#8211; Click on the WHEEL icon to open the textarea where you can paste or type your news. PLEASE USE THE USE ONLY THE FEATURED IMAGE FUNCTION on your right column to add the image.&#8221; _builder_version=&#8221;4.20.4&#8243; _module_preset=&#8221;default&#8221; hover_enabled=&#8221;0&#8243; global_colors_info=&#8221;{}&#8221; sticky_enabled=&#8221;0&#8243;]<\/p>\n<p>L&#8217;agent technique contribuera \u00e0 l&#8217;extension de la protection sociale en mati\u00e8re de sant\u00e9 dans les pays en d\u00e9veloppement, en fournissant une expertise technique et un soutien \u00e0 la mise en \u0153uvre de plusieurs projets de coop\u00e9ration au d\u00e9veloppement. Il\/elle soutiendra le programme phare sur la cr\u00e9ation de socles de protection sociale pour tous (programme phare), dans le cadre duquel l&#8217;OIT soutient des partenariats au niveau national et mondial, y compris le r\u00e9seau P4H et USP 2030, afin de mettre en place des r\u00e9gimes durables de protection sociale de la sant\u00e9 dans le cadre de syst\u00e8mes de protection sociale globaux.<\/p>\n<p>&nbsp;<\/p>\n<p><strong>Fonctions g\u00e9n\u00e9rales :<\/strong><\/p>\n<ol>\n<li>Fournir des contributions techniques conformes aux normes, politiques et principes de l&#8217;OIT en mati\u00e8re de protection sociale, et en particulier de protection sociale en mati\u00e8re de sant\u00e9, aux diff\u00e9rentes \u00e9quipes nationales des projets assign\u00e9s en ce qui concerne les strat\u00e9gies d&#8217;extension, l&#8217;architecture des r\u00e9gimes, la conception, le financement et la gestion.<\/li>\n<li>Compiler les enseignements tir\u00e9s et veiller \u00e0 l&#8217;ach\u00e8vement des travaux de recherche et des produits de la connaissance qui lui sont confi\u00e9s.<\/li>\n<li>Soutenir le renforcement des capacit\u00e9s, le dialogue social et le partage des connaissances en mati\u00e8re de protection sociale de la sant\u00e9, notamment par des missions sur le terrain dans les pays o\u00f9 sont men\u00e9s des projets.<\/li>\n<li>Contribuer \u00e0 la programmation et au soutien op\u00e9rationnel des activit\u00e9s pr\u00e9vues dans le cadre des projets assign\u00e9s et soutenir la mobilisation des ressources.<\/li>\n<li>Pr\u00e9parer des contributions substantielles aux documents de suivi et d&#8217;\u00e9valuation pertinents et aux rapports d&#8217;avancement du programme en \u00e9troite collaboration avec le personnel responsable de chaque projet, et saisir des informations sur les activit\u00e9s, les produits, les r\u00e9sultats et l&#8217;impact dans l&#8217;outil de mesure des r\u00e9sultats en ligne du d\u00e9partement de la protection sociale, le cas \u00e9ch\u00e9ant.<\/li>\n<\/ol>\n<p><strong>Lieu :<\/strong> Gen\u00e8ve<\/p>\n<p><strong>Type de contrat : <\/strong>Dur\u00e9e d\u00e9termin\u00e9e<\/p>\n<p><strong>Dur\u00e9e du contrat :<\/strong> 12 mois \u00e0 temps plein (temps partiel n\u00e9gociable)<\/p>\n<p><strong>Date limite de d\u00e9p\u00f4t des candidatures (minuit <\/strong><strong>heure de Gen\u00e8ve<\/strong><strong>) : <\/strong>10 mai 2023<\/p>\n<p>[\/et_pb_text][\/et_pb_column][\/et_pb_row][\/et_pb_section]<\/p>\n","protected":false},"excerpt":{"rendered":"<p>L&#8217;Organisation internationale du travail (OIT) recherche un agent technique pour son unit\u00e9 &#8220;Politique sociale&#8221; sous l&#8217;\u00e9gide de l&#8217;OIT. sociale sous le d\u00e9partement de la protection sociale (SOC\/POLICY) \u00e0 Gen\u00e8ve.le d\u00e9partement de la protection sociale (SOC\/POLICY) \u00e0 Gen\u00e8ve.L&#8217;agent technique contribuera \u00e0 l&#8217;extension de la protection sociale en mati\u00e8re de sant\u00e9 dans les pays en d\u00e9veloppement, en&#8230;<\/p>\n","protected":false},"author":559,"featured_media":0,"comment_status":"closed","ping_status":"closed","template":"","meta":{"_et_pb_use_builder":"on","_et_pb_old_content":"","_et_gb_content_width":""},"categories":[2707,2386],"tags":[],"acf":[],"_links":{"self":[{"href":"https:\/\/p4h.world\/fr\/wp-json\/wp\/v2\/news\/987632592"}],"collection":[{"href":"https:\/\/p4h.world\/fr\/wp-json\/wp\/v2\/news"}],"about":[{"href":"https:\/\/p4h.world\/fr\/wp-json\/wp\/v2\/types\/news"}],"author":[{"embeddable":true,"href":"https:\/\/p4h.world\/fr\/wp-json\/wp\/v2\/users\/559"}],"replies":[{"embeddable":true,"href":"https:\/\/p4h.world\/fr\/wp-json\/wp\/v2\/comments?post=987632592"}],"version-history":[{"count":0,"href":"https:\/\/p4h.world\/fr\/wp-json\/wp\/v2\/news\/987632592\/revisions"}],"wp:attachment":[{"href":"https:\/\/p4h.world\/fr\/wp-json\/wp\/v2\/media?parent=987632592"}],"wp:term":[{"taxonomy":"category","embeddable":true,"href":"https:\/\/p4h.world\/fr\/wp-json\/wp\/v2\/categories?post=987632592"},{"taxonomy":"post_tag","embeddable":true,"href":"https:\/\/p4h.world\/fr\/wp-json\/wp\/v2\/tags?post=987632592"}],"curies":[{"name":"wp","href":"https:\/\/api.w.org\/{rel}","templated":true}]}}