{"id":987632796,"date":"2023-03-25T14:29:44","date_gmt":"2023-03-25T13:29:44","guid":{"rendered":"https:\/\/p4h.world\/news\/se-concentrer-sur-la-reprise-en-mettant-laccent-sur-le-financement-des-soins-de-sante-primaires\/"},"modified":"2023-06-01T15:21:17","modified_gmt":"2023-06-01T14:21:17","slug":"se-concentrer-sur-la-reprise-en-mettant-laccent-sur-le-financement-des-soins-de-sante-primaires","status":"publish","type":"news","link":"https:\/\/p4h.world\/fr\/news\/se-concentrer-sur-la-reprise-en-mettant-laccent-sur-le-financement-des-soins-de-sante-primaires\/","title":{"rendered":"Se concentrer sur la reprise en mettant l&#8217;accent sur le financement des soins de sant\u00e9 primaires"},"content":{"rendered":"<p>[et_pb_section fb_built=&#8221;1&#8243; admin_label=&#8221;!! PLEASE DO NOT EDIT !!!&#8221; _builder_version=&#8221;4.19.5&#8243; _module_preset=&#8221;default&#8221; global_colors_info=&#8221;{}&#8221;][et_pb_row admin_label=&#8221;! !! NE PAS MODIFIER ! !!&#8221; _builder_version=&#8221;4.19.5&#8243; _module_preset=&#8221;default&#8221; global_colors_info=&#8221;{}&#8221;][et_pb_column type=&#8221;4_4&#8243; _builder_version=&#8221;4.19.5&#8243; _module_preset=&#8221;default&#8221; global_colors_info=&#8221;{}&#8221;][et_pb_text admin_label=&#8221;SUMMARY &#8211; Click on the WHEEL icon to open the textarea where you can paste or type your summary. Summary should be in bold and 250-300 characters. The counter at the bottom can help.&#8221; _builder_version=&#8221;4.20.2&#8243; _module_preset=&#8221;default&#8221; custom_padding=&#8221;10px||20px||false|false&#8221; global_colors_info=&#8221;{}&#8221;]<\/p>\n<p><strong>Ce blog fait partie de la s\u00e9rie de blogs de la Banque mondiale intitul\u00e9e &#8220;Investir dans la sant\u00e9&#8221;. Investir dans la sant\u00e9 permet de d\u00e9velopper le capital humain et favorise une reprise \u00e9conomique plus rapide et plus inclusive. Il affirme que la progression de la couverture sanitaire universelle (CSU) en \u00e9levant le financement de la sant\u00e9 au rang de priorit\u00e9 politique deviendra l&#8217;\u00e9l\u00e9ment le plus important pour faire progresser la sant\u00e9 et les r\u00e9sultats \u00e9conomiques.<\/strong><\/p>\n<p>[\/et_pb_text][et_pb_text admin_label=&#8221;TEXT &#8211; BLOCK 1 &#8211; Click on the WHEEL icon to open the textarea where you can paste or type your news. PLEASE USE THE USE ONLY THE FEATURED IMAGE FUNCTION on your right column to add the image.&#8221; _builder_version=&#8221;4.20.2&#8243; _module_preset=&#8221;default&#8221; global_colors_info=&#8221;{}&#8221;]<\/p>\n<p>La r\u00e9alit\u00e9 macro-budg\u00e9taire devrait se d\u00e9t\u00e9riorer, ce qui limitera les enveloppes de d\u00e9penses publiques. La derni\u00e8re mise \u00e0 jour de l&#8217;\u00e9tude &#8221; <a href=\"https:\/\/www.worldbank.org\/en\/topic\/health\/publication\/from-double-shock-to-double-recovery-health-financing-in-the-time-of-covid-19\">From Double Shock to Double Recovery <\/a>&#8221; pr\u00e9voit que les d\u00e9penses publiques de sant\u00e9 resteront inf\u00e9rieures \u00e0 ce qu&#8217;elles \u00e9taient avant la pand\u00e9mie dans 23 % des 177 pays \u00e9tudi\u00e9s et qu&#8217;elles n&#8217;augmenteront que marginalement dans 39 % des pays.<\/p>\n<p>Le <a href=\"https:\/\/www.who.int\/news-room\/events\/detail\/2022\/12\/08\/default-calendar\/global-spending-on-health-2022\">rapport de l&#8217;<\/a> Organisation mondiale de la sant\u00e9 <a href=\"https:\/\/www.who.int\/news-room\/events\/detail\/2022\/12\/08\/default-calendar\/global-spending-on-health-2022\">sur les d\u00e9penses de sant\u00e9 dans le monde en 2022<\/a> donne une image prometteuse du financement de la sant\u00e9 au d\u00e9but de la pand\u00e9mie. En 2020, les d\u00e9penses publiques de sant\u00e9 par habitant ont augment\u00e9 dans les pays \u00e0 revenu faible et \u00e0 revenu interm\u00e9diaire de la tranche inf\u00e9rieure de 18,6 % et 14,9 %, respectivement, ce qui est impressionnant. La priorit\u00e9 accord\u00e9e \u00e0 la sant\u00e9 dans les budgets publics a augment\u00e9 dans la plupart des pays.<\/p>\n<p>Les efforts visant \u00e0 \u00e9largir la marge de man\u0153uvre budg\u00e9taire en mati\u00e8re de sant\u00e9 doivent aller de pair avec la garantie que les dispositifs de financement de la sant\u00e9 couvrent les familles vuln\u00e9rables. Au d\u00e9but de l&#8217;ann\u00e9e, le Nigeria a adopt\u00e9 une loi \u00e9tendant la couverture de l&#8217;assurance maladie nationale \u00e0 tous, y compris en subventionnant 83 millions de personnes vuln\u00e9rables suppl\u00e9mentaires. C&#8217;est un exemple de mesure importante prise pour prot\u00e9ger les familles contre les difficult\u00e9s financi\u00e8res lorsqu&#8217;elles ont acc\u00e8s aux services de sant\u00e9.<\/p>\n<p>[\/et_pb_text][ba_gradient_heading title=&#8221;Recommandations&#8221; html_tag=&#8221;h3&#8243; primary_color=&#8221;#455A64&#8243; secondary_color=&#8221;#455A64&#8243; admin_label=&#8221;HEADING (50-60 characters)&#8221; _builder_version=&#8221;4.20.2&#8243; _module_preset=&#8221;default&#8221; title_font=&#8221;||||||||&#8221; title_font_size=&#8221;32px&#8221; title_line_height=&#8221;1em&#8221; custom_padding=&#8221;15px||10px||false|false&#8221; global_colors_info=&#8221;{}&#8221;][\/ba_gradient_heading][et_pb_text admin_label=&#8221;TEXT &#8211; BLOCK 2 &#8221; _builder_version=&#8221;4.20.2&#8243; _module_preset=&#8221;default&#8221; global_colors_info=&#8221;{}&#8221;]<\/p>\n<ul>\n<li><strong>L&#8217;\u00e9tablissement de priorit\u00e9s budg\u00e9taires en faveur de la sant\u00e9, tout en reportant les d\u00e9penses dans les domaines non critiques, est une politique \u00e9conomique saine.<\/strong><\/li>\n<li><strong>D\u00e9penser de mani\u00e8re efficace et efficiente permet de faire fructifier les fonds disponibles.  <\/strong><\/li>\n<li><strong>Concevoir des politiques de financement de la sant\u00e9 \u00e9quitables qui \u00e9tendent la couverture m\u00e9dicale et am\u00e9liorent la protection financi\u00e8re des familles vuln\u00e9rables.  <\/strong><\/li>\n<li><strong>Concevoir des dispositifs de financement de la sant\u00e9 pour un impact durable.  <\/strong><\/li>\n<li><strong>Des partenariats inclusifs entre les minist\u00e8res des finances et de la sant\u00e9, ainsi qu&#8217;avec la soci\u00e9t\u00e9 civile et les partenaires ext\u00e9rieurs, faciliteraient la mobilisation et l&#8217;optimisation des ressources.<\/strong><\/li>\n<\/ul>\n<p>[\/et_pb_text][et_pb_image admin_label=&#8221;OPTIONAL ELEMENT 2: OR YOU CAN ADD ANOTHER IMAGE HERE &#8211; 650x320px &#8221; _builder_version=&#8221;4.20.2&#8243; _module_preset=&#8221;default&#8221; global_colors_info=&#8221;{}&#8221;][\/et_pb_image][\/et_pb_column][\/et_pb_row][\/et_pb_section]<\/p>\n","protected":false},"excerpt":{"rendered":"<p>Ce blog fait partie de la s\u00e9rie de blogs de la Banque mondiale intitul\u00e9e &#8220;Investir dans la sant\u00e9&#8221;. Investir dans la sant\u00e9 permet de d\u00e9velopper le capital humain et favorise une reprise \u00e9conomique plus rapide et plus inclusive. Il affirme que la progression de la couverture sanitaire universelle (CSU) en \u00e9levant le financement de la&#8230;<\/p>\n","protected":false},"author":559,"featured_media":987566822,"comment_status":"closed","ping_status":"closed","template":"","meta":{"_et_pb_use_builder":"on","_et_pb_old_content":"","_et_gb_content_width":""},"categories":[2386,2439],"tags":[],"acf":[],"_links":{"self":[{"href":"https:\/\/p4h.world\/fr\/wp-json\/wp\/v2\/news\/987632796"}],"collection":[{"href":"https:\/\/p4h.world\/fr\/wp-json\/wp\/v2\/news"}],"about":[{"href":"https:\/\/p4h.world\/fr\/wp-json\/wp\/v2\/types\/news"}],"author":[{"embeddable":true,"href":"https:\/\/p4h.world\/fr\/wp-json\/wp\/v2\/users\/559"}],"replies":[{"embeddable":true,"href":"https:\/\/p4h.world\/fr\/wp-json\/wp\/v2\/comments?post=987632796"}],"version-history":[{"count":0,"href":"https:\/\/p4h.world\/fr\/wp-json\/wp\/v2\/news\/987632796\/revisions"}],"wp:featuredmedia":[{"embeddable":true,"href":"https:\/\/p4h.world\/fr\/wp-json\/wp\/v2\/media\/987566822"}],"wp:attachment":[{"href":"https:\/\/p4h.world\/fr\/wp-json\/wp\/v2\/media?parent=987632796"}],"wp:term":[{"taxonomy":"category","embeddable":true,"href":"https:\/\/p4h.world\/fr\/wp-json\/wp\/v2\/categories?post=987632796"},{"taxonomy":"post_tag","embeddable":true,"href":"https:\/\/p4h.world\/fr\/wp-json\/wp\/v2\/tags?post=987632796"}],"curies":[{"name":"wp","href":"https:\/\/api.w.org\/{rel}","templated":true}]}}