{"id":987633043,"date":"2022-09-30T03:48:44","date_gmt":"2022-09-30T02:48:44","guid":{"rendered":"https:\/\/p4h.world\/news\/la-pression-de-lopinion-publique-sur-lassurance-maladie-obligatoire-a-pousse-les-dirigeants-a-donner-une-conference-de-presse\/"},"modified":"2022-09-30T03:48:44","modified_gmt":"2022-09-30T02:48:44","slug":"la-pression-de-lopinion-publique-sur-lassurance-maladie-obligatoire-a-pousse-les-dirigeants-a-donner-une-conference-de-presse","status":"publish","type":"news","link":"https:\/\/p4h.world\/fr\/news\/la-pression-de-lopinion-publique-sur-lassurance-maladie-obligatoire-a-pousse-les-dirigeants-a-donner-une-conference-de-presse\/","title":{"rendered":"La pression de l&#8217;opinion publique sur l&#8217;assurance maladie obligatoire a pouss\u00e9 les dirigeants \u00e0 donner une conf\u00e9rence de presse."},"content":{"rendered":"<p>La pression et les critiques croissantes des prestataires de soins de sant\u00e9 sur le manque pr\u00e9sum\u00e9 de fonds de la Caisse sociale d&#8217;assurance maladie avant l&#8217;ann\u00e9e civile (identique \u00e0 l&#8217;ann\u00e9e budg\u00e9taire) ont incit\u00e9 les dirigeants \u00e0 s&#8217;exprimer sur la situation de l&#8217;assurance maladie.<\/p>\n<p>Une conf\u00e9rence de presse a \u00e9t\u00e9 donn\u00e9e par le directeur g\u00e9n\u00e9ral de la caisse d&#8217;assurance maladie, son adjoint et le directeur du d\u00e9partement de coordination de l&#8217;assurance maladie obligatoire du minist\u00e8re de la sant\u00e9.<\/p>\n<p>Selon le <strong><br \/>\n  <span lang=\"en\"><br \/>\n    <span><br \/>\n      <span>PDG du Fonds d&#8217;assurance maladie sociale, Aidyn Ashuev, <\/span><br \/>\n    <\/span><br \/>\n  <\/span><br \/>\n<\/strong>gr\u00e2ce au syst\u00e8me d&#8217;assurance maladie sociale,<span lang=\"en\"><span><span>  les personnes peuvent d\u00e9sormais b\u00e9n\u00e9ficier de certains services m\u00e9dicaux qui n&#8217;\u00e9taient auparavant disponibles qu&#8217;\u00e0 titre payant. Au cours des sept mois de l&#8217;ann\u00e9e 2022, la Caisse d&#8217;assurance maladie a financ\u00e9 95 millions de consultations de m\u00e9decins sp\u00e9cialistes et d&#8217;examens diagnostiques, y compris la tomodensitom\u00e9trie, l&#8217;IRM et la tomographie par \u00e9mission de positons, ainsi que 12,6 milliers d&#8217;op\u00e9rations co\u00fbteuses, dont environ 4 milliers de services de f\u00e9condation in vitro.<\/span><\/span><\/span><\/p>\n<p><span lang=\"en\"><span><span>Comme l&#8217;a soulign\u00e9 M. Ashuev lors de la r\u00e9union d&#8217;information, le <strong>syst\u00e8me d&#8217;assurance maladie sociale obligatoire (MSHI) a \u00e9t\u00e9 introduit pour minimiser les risques financiers dans le domaine des soins de sant\u00e9, <\/strong>qui sont in\u00e9vitables avec l&#8217;augmentation des d\u00e9penses publiques et priv\u00e9es en mati\u00e8re de soins de sant\u00e9.<\/span><\/span><\/span><\/p>\n<p><span lang=\"en\"><span><span>&#8220;L&#8217;introduction du syst\u00e8me MSHI \u00e9tait cens\u00e9e accro\u00eetre le financement des services m\u00e9dicaux, r\u00e9duire les frais \u00e0 la charge de la population, garantir l&#8217;\u00e9galit\u00e9 d&#8217;acc\u00e8s aux soins m\u00e9dicaux pour l&#8217;ensemble de la population, augmenter les salaires des travailleurs m\u00e9dicaux, accro\u00eetre la concurrence pour la qualit\u00e9 entre les organisations m\u00e9dicales, et \u00e9tendre la liste des m\u00e9dicaments gratuits en consultation externe. Deux ans et demi apr\u00e8s l&#8217;introduction de l&#8217;assurance maladie sociale obligatoire, des r\u00e9sultats significatifs ont d\u00e9j\u00e0 \u00e9t\u00e9 obtenus&#8221;, r\u00e9sume A. Ashuev.  <\/span><\/span><\/span><\/p>\n<p><span lang=\"en\"><span><span>Selon M. Ashuev, des types de services m\u00e9dicaux auparavant sous-financ\u00e9s ont re\u00e7u des fonds suppl\u00e9mentaires gr\u00e2ce \u00e0 l&#8217;initiative MSHI. Le nombre de prestataires de soins de sant\u00e9 a consid\u00e9rablement augment\u00e9, plus de la moiti\u00e9 d&#8217;entre eux (52 %) \u00e9tant priv\u00e9s.  <\/span><\/span><\/span><\/p>\n<p><span lang=\"en\"><span><span>Il a \u00e9galement \u00e9t\u00e9 mentionn\u00e9 que le Fonds social d&#8217;assurance maladie accorde une attention particuli\u00e8re au <strong>retour d&#8217;information de la population <\/strong>par le biais de tous les canaux de communication. &#8220;En sept mois, le centre d&#8217;appel unifi\u00e9 pour l&#8217;information sur la sant\u00e9 a re\u00e7u pr\u00e8s de 460 000 appels. Et 93 % des appels \u00e9taient de nature consultative, par exemple pour clarifier l&#8217;acc\u00e8s aux soins&#8221;, a d\u00e9clar\u00e9 Aidyn Ashuev.  <\/span><\/span><\/span><\/p>\n<p><span lang=\"en\"><span><span>En outre, le Fonds effectue  <strong>une fonction d&#8217;audit pour v\u00e9rifier la qualit\u00e9 des soins et utiliser des incitations financi\u00e8res (refus de paiement) en cas de soins inf\u00e9rieurs aux normes.<\/strong>  Comme l&#8217;a soulign\u00e9 le directeur du Fonds, au cours des sept mois de cette ann\u00e9e, le Fonds a r\u00e9v\u00e9l\u00e9 des incoh\u00e9rences dans plus de 882 000 cas, qui ont \u00e9t\u00e9 class\u00e9s comme suit&nbsp;Les amendes d\u00e9fectueuses et financi\u00e8res appliqu\u00e9es aux prestataires de soins de sant\u00e9 ont atteint 11,8 milliards de tenges.  <\/span><\/span><\/span><\/p>\n<p><span lang=\"en\"><span><span>Le directeur g\u00e9n\u00e9ral du Fonds <strong>a annonc\u00e9 des plans visant \u00e0 am\u00e9liorer le fonctionnement du syst\u00e8me d&#8217;assurance maladie obligatoire<\/strong>. Pour garantir la transparence, le Fonds a mis au point et <strong>pilote un syst\u00e8me d&#8217;information <\/strong>qui permet un contr\u00f4le crois\u00e9 d\u00e9personnalis\u00e9 et un suivi de bout en bout. En outre, il est pr\u00e9vu d&#8217;introduire un m\u00e9canisme de v\u00e9rification individuelle pour confirmer le fait qu&#8217;un patient b\u00e9n\u00e9ficie d&#8217;un service m\u00e9dical. Le directeur du Fonds a \u00e9galement mentionn\u00e9 les services d&#8217;aide aux patients et d&#8217;audit interne disponibles dans les organisations m\u00e9dicales. En collaboration avec les prestataires, des approches syst\u00e9matiques sont d\u00e9velopp\u00e9es <strong>pour am\u00e9liorer l&#8217;efficacit\u00e9 des soins<\/strong>, a d\u00e9clar\u00e9 le responsable.  <\/span><\/span><\/span><\/p>\n<p><span lang=\"en\"><span><span><strong>Gulzhan Shaikhybekova,  <\/strong>directeur du d\u00e9partement de coordination du MSHI du minist\u00e8re des soins de sant\u00e9 de la R\u00e9publique du Kazakhstan, a not\u00e9 \u00e0 son tour qu&#8217;\u00e0 la lumi\u00e8re de la r\u00e9cente instruction du chef de l&#8217;\u00c9tat de revoir les approches de financement des soins de sant\u00e9, il est pr\u00e9vu de mettre en \u0153uvre un certain nombre de changements. &#8220;Nous sommes en train de r\u00e9gler la question de la  <strong>financement additionnel pour le volume garanti de soins m\u00e9dicaux gratuits<\/strong>  (environ 200 milliards de tenges par an) et  <strong>financement compl\u00e9mentaire des contributions de l&#8217;\u00c9tat \u00e0 l&#8217;assurance maladie obligatoire pour 15 cat\u00e9gories prot\u00e9g\u00e9es de la population<\/strong>  (en 2023 &#8211; 232 milliards de tenges suppl\u00e9mentaires, en 2024 &#8211; 306 milliards de tenges, en 2025 &#8211; 354 milliards de tenges). Il est \u00e9galement pr\u00e9vu de r\u00e9glementer l\u00e9galement la <strong>consolidation de deux flux financiers<\/strong> (le paquet de prestations gratuites et le paquet assur\u00e9) afin de simplifier l&#8217;administration des fonds et d&#8217;assurer leur utilisation efficace&#8221;, a-t-elle not\u00e9.<\/span><\/span><\/span><\/p>\n<p>Source : Minist\u00e8re des soins de sant\u00e9 <a href=\"https:\/\/www.gov.kz\/memleket\/entities\/dsm\/press\/news\/details\/427282?lang=ru\">Minist\u00e8re de la sant\u00e9<\/a><\/p>\n","protected":false},"excerpt":{"rendered":"<p>La pression et les critiques croissantes des prestataires de soins de sant\u00e9 sur le manque pr\u00e9sum\u00e9 de fonds de la Caisse sociale d&#8217;assurance maladie avant l&#8217;ann\u00e9e civile (identique \u00e0 l&#8217;ann\u00e9e budg\u00e9taire) ont incit\u00e9 les dirigeants \u00e0 s&#8217;exprimer sur la situation de l&#8217;assurance maladie. Une conf\u00e9rence de presse a \u00e9t\u00e9 donn\u00e9e par le directeur g\u00e9n\u00e9ral de&#8230;<\/p>\n","protected":false},"author":137,"featured_media":987526612,"comment_status":"closed","ping_status":"closed","template":"","meta":{"_et_pb_use_builder":"","_et_pb_old_content":"","_et_gb_content_width":""},"categories":[],"tags":[2454,2834,2363],"acf":[],"_links":{"self":[{"href":"https:\/\/p4h.world\/fr\/wp-json\/wp\/v2\/news\/987633043"}],"collection":[{"href":"https:\/\/p4h.world\/fr\/wp-json\/wp\/v2\/news"}],"about":[{"href":"https:\/\/p4h.world\/fr\/wp-json\/wp\/v2\/types\/news"}],"author":[{"embeddable":true,"href":"https:\/\/p4h.world\/fr\/wp-json\/wp\/v2\/users\/137"}],"replies":[{"embeddable":true,"href":"https:\/\/p4h.world\/fr\/wp-json\/wp\/v2\/comments?post=987633043"}],"version-history":[{"count":0,"href":"https:\/\/p4h.world\/fr\/wp-json\/wp\/v2\/news\/987633043\/revisions"}],"wp:featuredmedia":[{"embeddable":true,"href":"https:\/\/p4h.world\/fr\/wp-json\/wp\/v2\/media\/987526612"}],"wp:attachment":[{"href":"https:\/\/p4h.world\/fr\/wp-json\/wp\/v2\/media?parent=987633043"}],"wp:term":[{"taxonomy":"category","embeddable":true,"href":"https:\/\/p4h.world\/fr\/wp-json\/wp\/v2\/categories?post=987633043"},{"taxonomy":"post_tag","embeddable":true,"href":"https:\/\/p4h.world\/fr\/wp-json\/wp\/v2\/tags?post=987633043"}],"curies":[{"name":"wp","href":"https:\/\/api.w.org\/{rel}","templated":true}]}}