{"id":987633050,"date":"2022-09-30T03:48:44","date_gmt":"2022-09-30T02:48:44","guid":{"rendered":"https:\/\/p4h.world\/news\/qui-doit-payer-les-patients-pour-les-erreurs-medicales-le-kazakhstan-adopte-une-loi-sur-lassurance-contre-la-faute-professionnelle\/"},"modified":"2022-09-30T03:48:44","modified_gmt":"2022-09-30T02:48:44","slug":"qui-doit-payer-les-patients-pour-les-erreurs-medicales-le-kazakhstan-adopte-une-loi-sur-lassurance-contre-la-faute-professionnelle","status":"publish","type":"news","link":"https:\/\/p4h.world\/fr\/news\/qui-doit-payer-les-patients-pour-les-erreurs-medicales-le-kazakhstan-adopte-une-loi-sur-lassurance-contre-la-faute-professionnelle\/","title":{"rendered":"Qui doit payer les patients pour les erreurs m\u00e9dicales ? Le Kazakhstan adopte une loi sur l&#8217;assurance contre la faute professionnelle"},"content":{"rendered":"<p>Pour la premi\u00e8re fois dans l&#8217;histoire, le Kazakhstan adopte une loi sur l&#8217;assurance contre la faute m\u00e9dicale.<br \/>\n&nbsp;<\/p>\n<p><span lang=\"en\"><span><span>Le ministre de la sant\u00e9 de la R\u00e9publique du Kazakhstan, Azhar Giniyat, a pr\u00e9sent\u00e9 le projet de loi \u00e0 la chambre basse du Parlement &#8211; Mazhilis. Cette loi<\/span><\/span><\/span><span lang=\"en\"><span><span>  a \u00e9t\u00e9 \u00e9labor\u00e9 en r\u00e9ponse aux instructions donn\u00e9es par le chef de l&#8217;\u00c9tat au d\u00e9but de l&#8217;ann\u00e9e. Le ministre des soins de sant\u00e9 a not\u00e9 qu&#8217;ils ont analys\u00e9 les meilleures pratiques internationales, examin\u00e9 les statistiques des proc\u00e8s pour faute m\u00e9dicale et les plaintes des personnes physiques et morales en 2018-2020, impliquant plus de 14 mille cas.  <\/span><\/span><\/span><span lang=\"en\"><span><span>Le minist\u00e8re des soins de sant\u00e9 a \u00e9galement analys\u00e9 <strong>diff\u00e9rents mod\u00e8les d&#8217;assurance contre la faute professionnelle<\/strong>.  <\/span><\/span><\/span><\/p>\n<p><span lang=\"en\"><span><span>Le m\u00e9canisme le plus appropri\u00e9 pour assurer les cons\u00e9quences professionnelles des affaires, compte tenu de l&#8217;\u00e9volution de la soci\u00e9t\u00e9 kazakhe, est un syst\u00e8me d&#8217;assurance de la responsabilit\u00e9 civile.  <strong>m\u00e9canisme de march\u00e9 adapt\u00e9 au mod\u00e8le d&#8217;assurance contre la faute professionnelle  <\/strong>&#8211; en impliquant les compagnies d&#8217;assurance existantes et en r\u00e9glant avant le proc\u00e8s les conflits entre les patients et les prestataires, comme en Su\u00e8de, au Canada, aux \u00c9tats-Unis, au Japon et en Turquie.  <\/span><\/span><\/span><\/p>\n<p><span lang=\"en\"><span><span>&#8220;En tenant compte de l&#8217;exp\u00e9rience des ann\u00e9es pr\u00e9c\u00e9dentes, de l&#8217;analyse des pratiques existantes et des discussions avec les diff\u00e9rentes parties prenantes &#8211; les secteurs public et priv\u00e9 -, nous avons d\u00e9cid\u00e9 de<strong>  mettre en \u0153uvre un mod\u00e8le d&#8217;assurance responsabilit\u00e9 professionnelle des travailleurs m\u00e9dicaux<\/strong>  qui implique l&#8217;achat de plans d&#8217;assurance responsabilit\u00e9 civile aupr\u00e8s de compagnies d&#8217;assurance priv\u00e9es existantes, o\u00f9  <strong>le co\u00fbt des primes d&#8217;assurance sera support\u00e9 par l&#8217;employeur<\/strong> <strong>&#8211; une organisation m\u00e9dicale<\/strong>L&#8217;objectif est d&#8217;accro\u00eetre la responsabilit\u00e9 des participants au syst\u00e8me d&#8217;assurance contre la faute professionnelle&#8221;, a d\u00e9clar\u00e9 A. Giniyat, en pr\u00e9voyant l&#8217;introduction d&#8217;une licence pour les prestataires individuels (professionnels de la sant\u00e9).  <\/span><\/span><\/span><\/p>\n<p><span lang=\"en\"><span><span>Selon ce mod\u00e8le, les plaintes seront d&#8217;abord examin\u00e9es au niveau du service d&#8217;audit interne d&#8217;une organisation de soins de sant\u00e9, \u00e9ventuellement avec la participation de compagnies d&#8217;assurance, en utilisant des \u00e9l\u00e9ments de m\u00e9diation, ainsi qu&#8217;avec la participation d&#8217;associations de professionnels de la sant\u00e9. Le probl\u00e8me peut \u00eatre r\u00e9solu au sein de l&#8217;organisation m\u00e9dicale \u00e0 ce stade, sans qu&#8217;il soit n\u00e9cessaire d&#8217;aller plus loin au tribunal.  <\/span><\/span><\/span><\/p>\n<p><span lang=\"en\"><span><span>Si le patient n&#8217;est pas d&#8217;accord avec le r\u00e9sultat de l&#8217;examen du service d&#8217;audit, la plainte sera transf\u00e9r\u00e9e \u00e0 la branche territoriale de l&#8217;agence du minist\u00e8re de la sant\u00e9 charg\u00e9e du contr\u00f4le m\u00e9dical et pharmaceutique.  <\/span><\/span><\/span><\/p>\n<p><span lang=\"en\"><span><span>S&#8217;ils d\u00e9cident que le patient m\u00e9rite d&#8217;\u00eatre indemnis\u00e9, les documents seront transf\u00e9r\u00e9s \u00e0 la <strong>compagnie d&#8217;assurance <\/strong>aupr\u00e8s de laquelle l&#8217;organisation m\u00e9dicale \u00e9tait assur\u00e9e pour la responsabilit\u00e9 professionnelle de ses employ\u00e9s. Le paiement sera effectu\u00e9 par la compagnie d&#8217;assurance uniquement dans les cas approuv\u00e9s par le minist\u00e8re des soins de sant\u00e9.  <\/span><\/span><\/span><\/p>\n<p><span lang=\"en\"><span><span>Le montant de l&#8217;indemnit\u00e9 est d\u00e9termin\u00e9 par des calculs actuariels statistiques, en fonction du degr\u00e9 de risque, de la sp\u00e9cialit\u00e9, etc. Compte tenu de l&#8217;<strong>orientation sociale<\/strong> du secteur des soins de sant\u00e9, au stade initial de ce syst\u00e8me d&#8217;assurance, nous fixerons des limites maximales pour les paiements effectu\u00e9s par les compagnies d&#8217;assurance, a pr\u00e9cis\u00e9 le ministre.  <\/span><\/span><\/span><\/p>\n<p><span lang=\"en\"><span><span>\u00c0 partir de 2023, il est propos\u00e9 que les primes d&#8217;assurance soient pay\u00e9es \u00e0 la charge de l&#8217;<strong>employeur<\/strong> et, \u00e0 partir de 2025, il est propos\u00e9 de diviser le co\u00fbt de la prime d&#8217;assurance entre l&#8217;<strong>organisation m\u00e9dicale<\/strong> et le <strong>travailleur m\u00e9dical,<\/strong> ce qui conduira \u00e0 une responsabilit\u00e9 conjointe.<\/span><\/span><\/span><\/p>\n<p>&nbsp;<\/p>\n<p>Source : Minist\u00e8re des soins de sant\u00e9 <a href=\"https:\/\/www.gov.kz\/memleket\/entities\/dsm\/press\/news\/details\/427760?lang=ru\"><br \/>\n  <span lang=\"en\"><br \/>\n    <span><br \/>\n      <span>Minist\u00e8re de la sant\u00e9<\/span><br \/>\n    <\/span><br \/>\n  <\/span><br \/>\n<\/a><\/p>\n","protected":false},"excerpt":{"rendered":"<p>Pour la premi\u00e8re fois dans l&#8217;histoire, le Kazakhstan adopte une loi sur l&#8217;assurance contre la faute m\u00e9dicale. &nbsp; Le ministre de la sant\u00e9 de la R\u00e9publique du Kazakhstan, Azhar Giniyat, a pr\u00e9sent\u00e9 le projet de loi \u00e0 la chambre basse du Parlement &#8211; Mazhilis. Cette loi a \u00e9t\u00e9 \u00e9labor\u00e9 en r\u00e9ponse aux instructions donn\u00e9es par&#8230;<\/p>\n","protected":false},"author":137,"featured_media":987526592,"comment_status":"closed","ping_status":"closed","template":"","meta":{"_et_pb_use_builder":"","_et_pb_old_content":"","_et_gb_content_width":""},"categories":[],"tags":[2402,2833,2363],"acf":[],"_links":{"self":[{"href":"https:\/\/p4h.world\/fr\/wp-json\/wp\/v2\/news\/987633050"}],"collection":[{"href":"https:\/\/p4h.world\/fr\/wp-json\/wp\/v2\/news"}],"about":[{"href":"https:\/\/p4h.world\/fr\/wp-json\/wp\/v2\/types\/news"}],"author":[{"embeddable":true,"href":"https:\/\/p4h.world\/fr\/wp-json\/wp\/v2\/users\/137"}],"replies":[{"embeddable":true,"href":"https:\/\/p4h.world\/fr\/wp-json\/wp\/v2\/comments?post=987633050"}],"version-history":[{"count":0,"href":"https:\/\/p4h.world\/fr\/wp-json\/wp\/v2\/news\/987633050\/revisions"}],"wp:featuredmedia":[{"embeddable":true,"href":"https:\/\/p4h.world\/fr\/wp-json\/wp\/v2\/media\/987526592"}],"wp:attachment":[{"href":"https:\/\/p4h.world\/fr\/wp-json\/wp\/v2\/media?parent=987633050"}],"wp:term":[{"taxonomy":"category","embeddable":true,"href":"https:\/\/p4h.world\/fr\/wp-json\/wp\/v2\/categories?post=987633050"},{"taxonomy":"post_tag","embeddable":true,"href":"https:\/\/p4h.world\/fr\/wp-json\/wp\/v2\/tags?post=987633050"}],"curies":[{"name":"wp","href":"https:\/\/api.w.org\/{rel}","templated":true}]}}