{"id":987633441,"date":"2022-05-20T03:52:17","date_gmt":"2022-05-20T02:52:17","guid":{"rendered":"https:\/\/p4h.world\/news\/vers-une-couverture-universelle-le-programme-turc-de-carte-verte-pour-les-pauvres\/"},"modified":"2022-05-20T03:52:17","modified_gmt":"2022-05-20T02:52:17","slug":"vers-une-couverture-universelle-le-programme-turc-de-carte-verte-pour-les-pauvres","status":"publish","type":"news","link":"https:\/\/p4h.world\/fr\/news\/vers-une-couverture-universelle-le-programme-turc-de-carte-verte-pour-les-pauvres\/","title":{"rendered":"Vers une couverture universelle : le programme turc de carte verte pour les pauvres"},"content":{"rendered":"<p>Cette \u00e9tude de cas retrace le parcours de la Turquie vers la couverture universelle. Il d\u00e9crit \u00e0 la fois la transformation du syst\u00e8me de sant\u00e9 et les performances du &#8220;Yesil Kart&#8221;, le <a href=\"https:\/\/www.googleadservices.com\/pagead\/aclk?sa=L&amp;ai=DChcSEwikw9OS0u33AhWQzXcKHSEADRQYABABGgJlZg&amp;ae=2&amp;ei=z06HYp33K6TN1sQPhPCeqAo&amp;ohost=www.google.com&amp;cid=CAESbOD2XzngX_bEv-xEr7nU14O7iC4IkzXeXwXFG920P6wVyppjIqUBhVXICwJ2KwT9Bgvs8mumolK8ZWpT4KufG10BJfOXscsICDEjOGZRoeq2MtdA3QMYjkjRzNZS4fVmnb2wOQ2ORR2bZaluGg&amp;sig=AOD64_3Zfpcyb8JqiMGJiRM3uoI5QB9F1g&amp;q&amp;sqi=2&amp;adurl&amp;ved=2ahUKEwjdmsSS0u33AhWkppUCHQS4B6UQ0Qx6BAgCEAE\">programme de la carte verte<\/a>, un r\u00e9gime d&#8217;assurance maladie non contributif destin\u00e9 aux pauvres.<\/p>\n<p>Lanc\u00e9 initialement en 1992, le programme de la carte verte a connu une expansion rapide du nombre de b\u00e9n\u00e9ficiaires et des avantages du programme depuis la mise en \u0153uvre du programme de transformation de la sant\u00e9 (HTP) en 2003, le nombre de b\u00e9n\u00e9ficiaires ayant plus que tripl\u00e9, passant de 2,5 millions de b\u00e9n\u00e9ficiaires en 2003 \u00e0 9,1 millions de b\u00e9n\u00e9ficiaires en 2011. En outre, la couverture et le ciblage du programme se sont consid\u00e9rablement am\u00e9lior\u00e9s. Alors que le programme de la carte verte a d&#8217;abord \u00e9t\u00e9 con\u00e7u comme un programme distinct destin\u00e9 aux pauvres, il a \u00e9t\u00e9 int\u00e9gr\u00e9 en janvier 2012 au <a href=\"http:\/\/www.sgk.gov.tr\/wps\/portal\/sgk\/en\/detail\/universal_health_ins\">programme UHI<\/a> g\u00e9r\u00e9 par l&#8217;<a href=\"http:\/\/www.sgk.gov.tr\/wps\/portal\/sgk\/en\/home-page\/mainpage\"> organisme de s\u00e9curit\u00e9 sociale<\/a>(SSI).<\/p>\n<p>Comme le montre cette \u00e9tude, des mesures graduelles ont \u00e9t\u00e9 prises au fil des ans pour \u00e9tendre la couverture, am\u00e9liorer le ciblage et \u00e9largir les avantages du programme de la carte verte afin de l&#8217;aligner sur l&#8217;IHU. Cette situation, combin\u00e9e aux am\u00e9liorations apport\u00e9es \u00e0 la prestation de services dans le cadre d&#8217;une r\u00e9forme globale du secteur de la sant\u00e9, fait de la Turquie un exemple unique de couverture universelle pour des services de sant\u00e9 de qualit\u00e9.<\/p>\n<p>L&#8217;\u00e9tude est organis\u00e9e comme suit. La deuxi\u00e8me section pr\u00e9sente bri\u00e8vement la r\u00e9forme de la sant\u00e9 en Turquie et la mani\u00e8re dont les soins de sant\u00e9 sont actuellement organis\u00e9s et dispens\u00e9s. La troisi\u00e8me section d\u00e9crit le programme de la carte verte, son \u00e9volution et ses r\u00e9sultats. La derni\u00e8re section traite de l&#8217;agenda en cours.<\/p>\n<h5>T\u00e9l\u00e9charger le document ci-dessous<\/h5>\n<p>Pour en savoir plus, consultez la<a href=\"https:\/\/p4h.world\/en\/group\/247\/documents\"> section &#8220;Documents<\/a> &#8221; de la <a href=\"https:\/\/p4h.world\/en\/universal-object-country\/turkey\">page &#8220;Turquie&#8221;<\/a>.<\/p>\n","protected":false},"excerpt":{"rendered":"<p>Cette \u00e9tude de cas retrace le parcours de la Turquie vers la couverture universelle. Il d\u00e9crit \u00e0 la fois la transformation du syst\u00e8me de sant\u00e9 et les performances du &#8220;Yesil Kart&#8221;, le programme de la carte verte, un r\u00e9gime d&#8217;assurance maladie non contributif destin\u00e9 aux pauvres. Lanc\u00e9 initialement en 1992, le programme de la carte&#8230;<\/p>\n","protected":false},"author":559,"featured_media":987534167,"comment_status":"closed","ping_status":"closed","template":"","meta":{"_et_pb_use_builder":"","_et_pb_old_content":"","_et_gb_content_width":""},"categories":[],"tags":[2834],"acf":[],"_links":{"self":[{"href":"https:\/\/p4h.world\/fr\/wp-json\/wp\/v2\/news\/987633441"}],"collection":[{"href":"https:\/\/p4h.world\/fr\/wp-json\/wp\/v2\/news"}],"about":[{"href":"https:\/\/p4h.world\/fr\/wp-json\/wp\/v2\/types\/news"}],"author":[{"embeddable":true,"href":"https:\/\/p4h.world\/fr\/wp-json\/wp\/v2\/users\/559"}],"replies":[{"embeddable":true,"href":"https:\/\/p4h.world\/fr\/wp-json\/wp\/v2\/comments?post=987633441"}],"version-history":[{"count":0,"href":"https:\/\/p4h.world\/fr\/wp-json\/wp\/v2\/news\/987633441\/revisions"}],"wp:featuredmedia":[{"embeddable":true,"href":"https:\/\/p4h.world\/fr\/wp-json\/wp\/v2\/media\/987534167"}],"wp:attachment":[{"href":"https:\/\/p4h.world\/fr\/wp-json\/wp\/v2\/media?parent=987633441"}],"wp:term":[{"taxonomy":"category","embeddable":true,"href":"https:\/\/p4h.world\/fr\/wp-json\/wp\/v2\/categories?post=987633441"},{"taxonomy":"post_tag","embeddable":true,"href":"https:\/\/p4h.world\/fr\/wp-json\/wp\/v2\/tags?post=987633441"}],"curies":[{"name":"wp","href":"https:\/\/api.w.org\/{rel}","templated":true}]}}