{"id":987633497,"date":"2022-04-25T03:06:45","date_gmt":"2022-04-25T02:06:45","guid":{"rendered":"https:\/\/p4h.world\/news\/extension-de-la-protection-sociale-en-matiere-de-sante-au-liban-le-role-de-la-caisse-nationale-de-securite-sociale-dans-la-realisation-de-la-couverture-sanitaire-universelle\/"},"modified":"2022-04-25T03:06:45","modified_gmt":"2022-04-25T02:06:45","slug":"extension-de-la-protection-sociale-en-matiere-de-sante-au-liban-le-role-de-la-caisse-nationale-de-securite-sociale-dans-la-realisation-de-la-couverture-sanitaire-universelle","status":"publish","type":"news","link":"https:\/\/p4h.world\/fr\/news\/extension-de-la-protection-sociale-en-matiere-de-sante-au-liban-le-role-de-la-caisse-nationale-de-securite-sociale-dans-la-realisation-de-la-couverture-sanitaire-universelle\/","title":{"rendered":"Extension de la protection sociale en mati\u00e8re de sant\u00e9 au Liban : le r\u00f4le de la caisse nationale de s\u00e9curit\u00e9 sociale dans la r\u00e9alisation de la couverture sanitaire universelle"},"content":{"rendered":"<p><span><span><span>Cette \u00e9tude explore les possibilit\u00e9s de renforcer le <strong>mod\u00e8le libanais d&#8217;assurance maladie<\/strong> et d&#8217;\u00e9tendre la <strong>protection sociale de la sant\u00e9 aux travailleurs non couverts<\/strong>, y compris ceux de l&#8217;\u00e9conomie informelle. L&#8217;\u00e9valuation de la situation analyse le syst\u00e8me de sant\u00e9 et le paysage du financement de la sant\u00e9. Elle identifie les lacunes et les besoins en mati\u00e8re de couverture, en particulier pour les travailleurs informels, et \u00e9value la faisabilit\u00e9 de l&#8217;extension de la couverture du r\u00e9gime d&#8217;assurance maladie sociale.<\/span><\/span><\/span><\/p>\n<p><span><span><span>Afin de soutenir la prise de d\u00e9cision strat\u00e9gique de la <strong>caisse nationale de s\u00e9curit\u00e9 sociale (NSSF)<\/strong> sur l&#8217;extension de la couverture de son r\u00e9gime d&#8217;assurance maladie, le rapport aborde deux questions \u00e9troitement li\u00e9es<\/span><\/span><\/span><\/p>\n<p><span><span><span>a) La relation entre le NSSF et d&#8217;autres m\u00e9canismes financiers de protection de la sant\u00e9 pour assurer la <strong>couverture universelle de la sant\u00e9<\/strong> au Liban<\/span><\/span><\/span><\/p>\n<p><span><span><span>b) &nbsp;Priorit\u00e9s pour le renforcement et l&#8217;am\u00e9lioration du NSSF, y compris pour les assur\u00e9s actuels.<\/span><\/span><\/span><\/p>\n<p><span><span><span>Les principales conclusions et recommandations politiques de l&#8217;\u00e9tude ont \u00e9t\u00e9 r\u00e9sum\u00e9es dans <strong>quatre documents d&#8217;orientation<\/strong>.<\/span><\/span><\/span><\/p>\n<p><em><span><span>1. Extension de la protection sociale de la sant\u00e9 au Liban : paysage du financement de la sant\u00e9 et r\u00f4le du Fonds national de s\u00e9curit\u00e9 sociale dans la r\u00e9alisation de la couverture sanitaire universelle<\/span><\/span><\/em><\/p>\n<p><em><span><span>2. Extension de la protection sociale de la sant\u00e9 au Liban : R\u00e9forme du r\u00e9gime d&#8217;assurance maladie de la CNSS pour une efficacit\u00e9 et une efficience accrues  <\/span><\/span><\/em><\/p>\n<p><em><span><span>3. Extension de la protection sociale en mati\u00e8re de sant\u00e9 au Liban : combler le d\u00e9ficit de couverture  <\/span><\/span><\/em><\/p>\n<p><em><span><span>4. Extension de la protection sociale en mati\u00e8re de sant\u00e9 au Liban : Renforcer la protection de la population non libanaise<\/span><\/span><\/em><\/p>\n<p><span><span>T\u00e9l\u00e9charger le document ci-dessous<\/span><\/span><\/p>\n<p>Pour plus de contenu de ce type, suivez cet espace et la <a href=\"https:\/\/p4h.world\/en\/universal-object-country\/lebanon\">page du pays Liban<\/a>.<\/p>\n<p><em><sup>Image : Unsplash<\/sup><\/em><\/p>\n","protected":false},"excerpt":{"rendered":"<p>Cette \u00e9tude explore les possibilit\u00e9s de renforcer le mod\u00e8le libanais d&#8217;assurance maladie et d&#8217;\u00e9tendre la protection sociale de la sant\u00e9 aux travailleurs non couverts, y compris ceux de l&#8217;\u00e9conomie informelle. L&#8217;\u00e9valuation de la situation analyse le syst\u00e8me de sant\u00e9 et le paysage du financement de la sant\u00e9. Elle identifie les lacunes et les besoins en&#8230;<\/p>\n","protected":false},"author":559,"featured_media":987527214,"comment_status":"closed","ping_status":"closed","template":"","meta":{"_et_pb_use_builder":"","_et_pb_old_content":"","_et_gb_content_width":""},"categories":[],"tags":[2402],"acf":[],"_links":{"self":[{"href":"https:\/\/p4h.world\/fr\/wp-json\/wp\/v2\/news\/987633497"}],"collection":[{"href":"https:\/\/p4h.world\/fr\/wp-json\/wp\/v2\/news"}],"about":[{"href":"https:\/\/p4h.world\/fr\/wp-json\/wp\/v2\/types\/news"}],"author":[{"embeddable":true,"href":"https:\/\/p4h.world\/fr\/wp-json\/wp\/v2\/users\/559"}],"replies":[{"embeddable":true,"href":"https:\/\/p4h.world\/fr\/wp-json\/wp\/v2\/comments?post=987633497"}],"version-history":[{"count":0,"href":"https:\/\/p4h.world\/fr\/wp-json\/wp\/v2\/news\/987633497\/revisions"}],"wp:featuredmedia":[{"embeddable":true,"href":"https:\/\/p4h.world\/fr\/wp-json\/wp\/v2\/media\/987527214"}],"wp:attachment":[{"href":"https:\/\/p4h.world\/fr\/wp-json\/wp\/v2\/media?parent=987633497"}],"wp:term":[{"taxonomy":"category","embeddable":true,"href":"https:\/\/p4h.world\/fr\/wp-json\/wp\/v2\/categories?post=987633497"},{"taxonomy":"post_tag","embeddable":true,"href":"https:\/\/p4h.world\/fr\/wp-json\/wp\/v2\/tags?post=987633497"}],"curies":[{"name":"wp","href":"https:\/\/api.w.org\/{rel}","templated":true}]}}