{"id":987634186,"date":"2021-11-30T03:34:56","date_gmt":"2021-11-30T02:34:56","guid":{"rendered":"https:\/\/p4h.world\/news\/le-liban-recoit-un-soutien-pour-le-premier-deploiement-du-vaccin-covid-19\/"},"modified":"2021-11-30T03:34:56","modified_gmt":"2021-11-30T02:34:56","slug":"le-liban-recoit-un-soutien-pour-le-premier-deploiement-du-vaccin-covid-19","status":"publish","type":"news","link":"https:\/\/p4h.world\/fr\/news\/le-liban-recoit-un-soutien-pour-le-premier-deploiement-du-vaccin-covid-19\/","title":{"rendered":"Le Liban re\u00e7oit un soutien pour le premier d\u00e9ploiement du vaccin COVID 19"},"content":{"rendered":"<p>Le Liban a re\u00e7u 34 millions de dollars dans le cadre de l&#8217;initiative de la Banque mondiale en faveur de l&#8217;emploi.&nbsp;<strong><br \/>\n  <a href=\"https:\/\/projects.worldbank.org\/en\/projects-operations\/project-detail\/P163476\" target=\"_blank\" rel=\"noopener\">Projet de r\u00e9silience sanitaire au Liban<\/a><br \/>\n  &nbsp;<br \/>\n<\/strong>pour soutenir l&#8217;achat de vaccins. Ce financement permettra de vacciner plus de 2 millions de personnes. Les vaccins devraient arriver au Liban au d\u00e9but du mois de f\u00e9vrier 2021.<\/p>\n<p>Cette campagne de vaccination ciblera les groupes prioritaires : le personnel de sant\u00e9 \u00e0 haut risque, la population \u00e2g\u00e9e de plus de 65 ans, le personnel charg\u00e9 de l&#8217;\u00e9pid\u00e9miologie et de la surveillance, et la population \u00e2g\u00e9e de 55 \u00e0 64 ans souffrant de comorbidit\u00e9s.<\/p>\n<p><em>Pour en savoir plus, lisez l&#8217;article complet publi\u00e9 \u00e0 l&#8217;origine sur&nbsp;<a href=\"https:\/\/www.worldbank.org\/en\/news\/press-release\/2021\/01\/21\/world-bank-supports-first-covid-19-vaccine-rollout-in-lebanon\" target=\"_blank\" rel=\"noopener\">Le site de la Banque mondiale ici.<\/a><\/em><\/p>\n<p><em>Cr\u00e9dits d&#8217;image : Adobe Stock<\/em><\/p>\n<p><em>Avez-vous quelque chose \u00e0 dire sur la r\u00e9ponse du Liban au COVID 19 et sur le financement des vaccins ? N&#8217;h\u00e9sitez pas \u00e0 nous en faire part dans la section des commentaires ci-dessous.<\/em><\/p>\n","protected":false},"excerpt":{"rendered":"<p>Le Liban a re\u00e7u 34 millions de dollars dans le cadre de l&#8217;initiative de la Banque mondiale en faveur de l&#8217;emploi.&nbsp; Projet de r\u00e9silience sanitaire au Liban &nbsp; pour soutenir l&#8217;achat de vaccins. Ce financement permettra de vacciner plus de 2 millions de personnes. Les vaccins devraient arriver au Liban au d\u00e9but du mois de&#8230;<\/p>\n","protected":false},"author":559,"featured_media":987531522,"comment_status":"closed","ping_status":"closed","template":"","meta":{"_et_pb_use_builder":"","_et_pb_old_content":"","_et_gb_content_width":""},"categories":[],"tags":[2369,2471,2433],"acf":[],"_links":{"self":[{"href":"https:\/\/p4h.world\/fr\/wp-json\/wp\/v2\/news\/987634186"}],"collection":[{"href":"https:\/\/p4h.world\/fr\/wp-json\/wp\/v2\/news"}],"about":[{"href":"https:\/\/p4h.world\/fr\/wp-json\/wp\/v2\/types\/news"}],"author":[{"embeddable":true,"href":"https:\/\/p4h.world\/fr\/wp-json\/wp\/v2\/users\/559"}],"replies":[{"embeddable":true,"href":"https:\/\/p4h.world\/fr\/wp-json\/wp\/v2\/comments?post=987634186"}],"version-history":[{"count":0,"href":"https:\/\/p4h.world\/fr\/wp-json\/wp\/v2\/news\/987634186\/revisions"}],"wp:featuredmedia":[{"embeddable":true,"href":"https:\/\/p4h.world\/fr\/wp-json\/wp\/v2\/media\/987531522"}],"wp:attachment":[{"href":"https:\/\/p4h.world\/fr\/wp-json\/wp\/v2\/media?parent=987634186"}],"wp:term":[{"taxonomy":"category","embeddable":true,"href":"https:\/\/p4h.world\/fr\/wp-json\/wp\/v2\/categories?post=987634186"},{"taxonomy":"post_tag","embeddable":true,"href":"https:\/\/p4h.world\/fr\/wp-json\/wp\/v2\/tags?post=987634186"}],"curies":[{"name":"wp","href":"https:\/\/api.w.org\/{rel}","templated":true}]}}