{"id":987635168,"date":"2021-05-10T07:29:36","date_gmt":"2021-05-10T06:29:36","guid":{"rendered":"https:\/\/p4h.world\/news\/repondre-aux-affections-post-covid19-quel-role-pour-les-soins-de-sante-primaires\/"},"modified":"2021-05-10T07:29:36","modified_gmt":"2021-05-10T06:29:36","slug":"repondre-aux-affections-post-covid19-quel-role-pour-les-soins-de-sante-primaires","status":"publish","type":"news","link":"https:\/\/p4h.world\/fr\/news\/repondre-aux-affections-post-covid19-quel-role-pour-les-soins-de-sante-primaires\/","title":{"rendered":"R\u00e9pondre aux affections post-COVID19 : quel r\u00f4le pour les soins de sant\u00e9 primaires ?"},"content":{"rendered":"<p>Le <strong>Centre europ\u00e9en de l&#8217;OMS pour les soins de sant\u00e9 primaires d&#8217;Almaty, au Kazakhstan<\/strong>, accueille une discussion d&#8217;experts sur les d\u00e9fis li\u00e9s au COVID-19 pour les syst\u00e8mes de sant\u00e9 et sur le r\u00f4le fondamental des soins de sant\u00e9 primaires pour les relever.<\/p>\n<p>Le prochain \u00e9v\u00e9nement &#8220;Let&#8217;s Talk Primary Health Care&#8221; se tiendra <strong>en ligne<\/strong> le <strong>12 mai <\/strong>(mercredi), de <strong>12h00 \u00e0 14h00 <\/strong>, heure d&#8217;Europe centrale.<\/p>\n<p><em><strong>Lien d&#8217;inscription :  <\/strong><\/em><\/p>\n<p>https:\/\/who.zoom.us\/webinar\/register\/WN_LUqeIooQSIqURkciQUCtzw<\/p>\n<p><em><strong>Description de l&#8217;\u00e9v\u00e9nement<\/strong><\/em><\/p>\n<p>De nombreuses personnes ont du mal \u00e0 se remettre de l&#8217;infection aigu\u00eb par le COVID-19 et souffrent de sympt\u00f4mes souvent invalidants pendant une longue p\u00e9riode, avec dans certains cas des handicaps durables. On estime que jusqu&#8217;\u00e0 1 patient sur 10 souffrira d&#8217;effets ind\u00e9sirables \u00e0 long terme. La compr\u00e9hension de cette nouvelle pathologie, appel\u00e9e &#8220;Post COVID-19 conditions&#8221; ou &#8220;Long COVID&#8221;, progresse rapidement et il devient \u00e9vident que les syst\u00e8mes de sant\u00e9 doivent s&#8217;adapter \u00e0 ce besoin croissant de la population en mati\u00e8re de sant\u00e9. Dans ce num\u00e9ro de la s\u00e9rie &#8220;Parlons soins de sant\u00e9 primaires&#8221;, nous discuterons des implications en termes de prestation de services des &#8220;affections post-Covid-19&#8221; et, plus particuli\u00e8rement, du r\u00f4le essentiel que les soins de sant\u00e9 primaires devraient jouer dans l&#8217;\u00e9laboration d&#8217;une r\u00e9ponse globale et pluridisciplinaire.<\/p>\n<p><em><strong>Contexte<\/strong><\/em><\/p>\n<p><span lang=\"EN-US\"><span><span>Le Bureau r\u00e9gional europ\u00e9en de l&#8217;OMS a cr\u00e9\u00e9 en 2015 un bureau g\u00e9ographiquement dispers\u00e9 pour les soins de sant\u00e9 primaires \u00e0 Almaty, ancienne capitale du Kazakhstan.  <\/span><\/span><\/span>L&#8217;importance de l&#8217;implantation de ce centre \u00e0 Almaty est li\u00e9e aux origines de l&#8217;histoire l\u00e9gendaire d&#8217;Almaty.  <span lang=\"EN-US\"><span><span>D\u00e9claration d&#8217;Alma-Ata sur les soins de sant\u00e9 primaires adopt\u00e9e dans cette ville. Cette d\u00e9claration est reconnue comme le &#8220;jalon majeur du vingti\u00e8me si\u00e8cle dans le domaine de la sant\u00e9 publique&#8221; et identifie les soins de sant\u00e9 primaires comme la cl\u00e9 de la r\u00e9alisation de l&#8217;objectif de la sant\u00e9 pour tous.<\/span><\/span><\/span><\/p>\n<p><span lang=\"EN-US\"><span><span>Les  <\/span><\/span><\/span>Centre europ\u00e9en de soins de sant\u00e9 primaires de l&#8217;OMS  <span lang=\"EN-US\"><span><span>est principalement financ\u00e9e par le gouvernement du Kazakhstan, qui a le r\u00f4le historique d&#8217;accueillir la Conf\u00e9rence internationale sur les soins de sant\u00e9 primaires.  <\/span><\/span><\/span>en 1978 \u00e0 Alma-Ata, et quarante ans plus tard, en 2018, la Conf\u00e9rence mondiale sur l&#8217;environnement et le d\u00e9veloppement (CEMD) a \u00e9t\u00e9 lanc\u00e9e.  <span lang=\"EN-US\"><span><span>Conf\u00e9rence sur les soins de sant\u00e9 primaires,  <\/span><\/span><\/span>  dans la nouvelle capitale, marqu\u00e9e par l&#8217;adoption de la D\u00e9claration d&#8217;Astana sur les soins de sant\u00e9 primaires, dans laquelle les \u00c9tats membres se sont engag\u00e9s \u00e0 renforcer les soins de sant\u00e9 primaires en tant que pierre angulaire de la r\u00e9alisation de la couverture sanitaire universelle et des objectifs du Mill\u00e9naire pour le d\u00e9veloppement.<\/p>\n<p>&nbsp;<\/p>\n<p>&nbsp;<\/p>\n<p><b>Heure de l&#8217;\u00e9v\u00e9nement : <\/b>12 mai 2021 10:00 am to 12 mai 2021 12:00 pm<br \/><b>Fuseau horaire : <\/b>UTC+02:00<br \/><b>L&#8217;\u00e9v\u00e9nement est une conf\u00e9rence : <\/b>Non<\/p>\n","protected":false},"excerpt":{"rendered":"<p>Le Centre europ\u00e9en de l&#8217;OMS pour les soins de sant\u00e9 primaires d&#8217;Almaty, au Kazakhstan, accueille une discussion d&#8217;experts sur les d\u00e9fis li\u00e9s au COVID-19 pour les syst\u00e8mes de sant\u00e9 et sur le r\u00f4le fondamental des soins de sant\u00e9 primaires pour les relever. Le prochain \u00e9v\u00e9nement &#8220;Let&#8217;s Talk Primary Health Care&#8221; se tiendra en ligne le&#8230;<\/p>\n","protected":false},"author":137,"featured_media":987536297,"comment_status":"closed","ping_status":"closed","template":"","meta":{"_et_pb_use_builder":"","_et_pb_old_content":"","_et_gb_content_width":""},"categories":[],"tags":[2847,2433,2473],"acf":[],"_links":{"self":[{"href":"https:\/\/p4h.world\/fr\/wp-json\/wp\/v2\/news\/987635168"}],"collection":[{"href":"https:\/\/p4h.world\/fr\/wp-json\/wp\/v2\/news"}],"about":[{"href":"https:\/\/p4h.world\/fr\/wp-json\/wp\/v2\/types\/news"}],"author":[{"embeddable":true,"href":"https:\/\/p4h.world\/fr\/wp-json\/wp\/v2\/users\/137"}],"replies":[{"embeddable":true,"href":"https:\/\/p4h.world\/fr\/wp-json\/wp\/v2\/comments?post=987635168"}],"version-history":[{"count":0,"href":"https:\/\/p4h.world\/fr\/wp-json\/wp\/v2\/news\/987635168\/revisions"}],"wp:featuredmedia":[{"embeddable":true,"href":"https:\/\/p4h.world\/fr\/wp-json\/wp\/v2\/media\/987536297"}],"wp:attachment":[{"href":"https:\/\/p4h.world\/fr\/wp-json\/wp\/v2\/media?parent=987635168"}],"wp:term":[{"taxonomy":"category","embeddable":true,"href":"https:\/\/p4h.world\/fr\/wp-json\/wp\/v2\/categories?post=987635168"},{"taxonomy":"post_tag","embeddable":true,"href":"https:\/\/p4h.world\/fr\/wp-json\/wp\/v2\/tags?post=987635168"}],"curies":[{"name":"wp","href":"https:\/\/api.w.org\/{rel}","templated":true}]}}