{"id":987636050,"date":"2020-06-08T02:56:09","date_gmt":"2020-06-08T01:56:09","guid":{"rendered":"https:\/\/p4h.world\/news\/strategies-de-financement-pour-le-secteur-de-la-sante-au-cap-vert\/"},"modified":"2020-06-08T02:56:09","modified_gmt":"2020-06-08T01:56:09","slug":"strategies-de-financement-pour-le-secteur-de-la-sante-au-cap-vert","status":"publish","type":"news","link":"https:\/\/p4h.world\/fr\/news\/strategies-de-financement-pour-le-secteur-de-la-sante-au-cap-vert\/","title":{"rendered":"Strat\u00e9gies de financement pour le secteur de la sant\u00e9 au Cap-Vert"},"content":{"rendered":"<p>L&#8217;\u00e9volution du syst\u00e8me de sant\u00e9 cap-verdien a \u00e9t\u00e9 positive au cours des 20 derni\u00e8res ann\u00e9es, mais&nbsp;certains d\u00e9fis subsistent. Un accent particulier est mis sur la r\u00e9ponse aux pressions \u00e0 court et moyen terme, sur les d\u00e9fis et les performances du secteur de la sant\u00e9, sur sa viabilit\u00e9 financi\u00e8re et sur le renforcement des finances de la s\u00e9curit\u00e9 sociale. Le minist\u00e8re de la sant\u00e9 (MS) et l&#8217;institut national de la s\u00e9curit\u00e9 sociale (INPS) \u00e9taient conscients de cette situation et ont demand\u00e9 une assistance technique conjointe \u00e0 l&#8217;OIT et \u00e0 l&#8217;OMS pour \u00e9laborer une strat\u00e9gie nationale de financement du secteur de la sant\u00e9 \u00e0 int\u00e9grer dans l&#8217;initiative du socle de protection sociale. L&#8217;objectif principal de l&#8217;\u00e9tude est de fournir des donn\u00e9es pour la cr\u00e9ation d&#8217;un nouveau mod\u00e8le de financement de la sant\u00e9 qui garantisse l&#8217;acc\u00e8s universel aux soins et services de sant\u00e9 dans le cadre du socle de protection sociale.<\/p>\n<p>Des informations et des r\u00e9sultats d\u00e9taill\u00e9s peuvent \u00eatre trouv\u00e9s dans le plan strat\u00e9gique ci-joint sur&nbsp;Strat\u00e9gies de financement dans le secteur de la sant\u00e9 au Cap-Vert, qui a \u00e9t\u00e9 publi\u00e9&nbsp;en 2013.<\/p>\n","protected":false},"excerpt":{"rendered":"<p>L&#8217;\u00e9volution du syst\u00e8me de sant\u00e9 cap-verdien a \u00e9t\u00e9 positive au cours des 20 derni\u00e8res ann\u00e9es, mais&nbsp;certains d\u00e9fis subsistent. Un accent particulier est mis sur la r\u00e9ponse aux pressions \u00e0 court et moyen terme, sur les d\u00e9fis et les performances du secteur de la sant\u00e9, sur sa viabilit\u00e9 financi\u00e8re et sur le renforcement des finances de&#8230;<\/p>\n","protected":false},"author":848,"featured_media":0,"comment_status":"closed","ping_status":"closed","template":"","meta":{"_et_pb_use_builder":"","_et_pb_old_content":"","_et_gb_content_width":""},"categories":[],"tags":[2484,2371,2833],"acf":[],"_links":{"self":[{"href":"https:\/\/p4h.world\/fr\/wp-json\/wp\/v2\/news\/987636050"}],"collection":[{"href":"https:\/\/p4h.world\/fr\/wp-json\/wp\/v2\/news"}],"about":[{"href":"https:\/\/p4h.world\/fr\/wp-json\/wp\/v2\/types\/news"}],"author":[{"embeddable":true,"href":"https:\/\/p4h.world\/fr\/wp-json\/wp\/v2\/users\/848"}],"replies":[{"embeddable":true,"href":"https:\/\/p4h.world\/fr\/wp-json\/wp\/v2\/comments?post=987636050"}],"version-history":[{"count":0,"href":"https:\/\/p4h.world\/fr\/wp-json\/wp\/v2\/news\/987636050\/revisions"}],"wp:attachment":[{"href":"https:\/\/p4h.world\/fr\/wp-json\/wp\/v2\/media?parent=987636050"}],"wp:term":[{"taxonomy":"category","embeddable":true,"href":"https:\/\/p4h.world\/fr\/wp-json\/wp\/v2\/categories?post=987636050"},{"taxonomy":"post_tag","embeddable":true,"href":"https:\/\/p4h.world\/fr\/wp-json\/wp\/v2\/tags?post=987636050"}],"curies":[{"name":"wp","href":"https:\/\/api.w.org\/{rel}","templated":true}]}}