{"id":987636058,"date":"2020-06-04T03:22:31","date_gmt":"2020-06-04T02:22:31","guid":{"rendered":"https:\/\/p4h.world\/news\/covid-19-alger-taille-dans-son-budget-pour-faire-face-a-la-chute-des-cours\/"},"modified":"2024-07-16T12:19:31","modified_gmt":"2024-07-16T11:19:31","slug":"covid-19-alger-taille-dans-son-budget-pour-faire-face-a-la-chute-des-cours","status":"publish","type":"news","link":"https:\/\/p4h.world\/fr\/news\/covid-19-alger-taille-dans-son-budget-pour-faire-face-a-la-chute-des-cours\/","title":{"rendered":"COVID-19 : Alger taille dans son budget pour faire face \u00e0 la chute des cours"},"content":{"rendered":"<p>L&#8217;Alg\u00e9rie r\u00e9duit ses d\u00e9penses publiques et revoit sa politique \u00e9conomique face \u00e0 l&#8217;effondrement des cours du p\u00e9trole, principale ressource du pays :<\/p>\n<p>\u00c0 l&#8217;issue d&#8217;un conseil des ministres pr\u00e9sid\u00e9 dimanche 22 mars par le chef de l&#8217;\u00c9tat, Abdelmadjid Tebboune, l&#8217;Alg\u00e9rie r\u00e9vise \u00e0 la baisse de 30 % le budget de fonctionnement de l&#8217;\u00c9tat, sans toucher aux salaires des fonctionnaires.<\/p>\n<p>Deux minist\u00e8res sont \u00e9pargn\u00e9s par la rationalisation des d\u00e9penses : l&#8217;\u00c9ducation et la Sant\u00e9, pand\u00e9mie de coronavirus oblige.<\/p>\n<p>&nbsp;<\/p>\n<p>L&#8217;article complet publi\u00e9 se trouve en suivant ce <a href=\"https:\/\/www.jeuneafrique.com\/914705\/economie\/coronavirus-alger-taille-dans-son-budget-pour-faire-face-a-la-chute-des-cours\/\">lien<\/a><\/p>\n","protected":false},"excerpt":{"rendered":"<p>L&#8217;Alg\u00e9rie r\u00e9duit ses d\u00e9penses publiques et revoit sa politique \u00e9conomique face \u00e0 l&#8217;effondrement des cours du p\u00e9trole, principale ressource du pays : \u00c0 l&#8217;issue d&#8217;un conseil des ministres pr\u00e9sid\u00e9 dimanche 22 mars par le chef de l&#8217;\u00c9tat, Abdelmadjid Tebboune, l&#8217;Alg\u00e9rie r\u00e9vise \u00e0 la baisse de 30 % le budget de fonctionnement de l&#8217;\u00c9tat, sans toucher&#8230;<\/p>\n","protected":false},"author":1164,"featured_media":987708569,"comment_status":"closed","ping_status":"closed","template":"","meta":{"_et_pb_use_builder":"","_et_pb_old_content":"","_et_gb_content_width":""},"categories":[],"tags":[2402,2471,2433],"acf":[],"_links":{"self":[{"href":"https:\/\/p4h.world\/fr\/wp-json\/wp\/v2\/news\/987636058"}],"collection":[{"href":"https:\/\/p4h.world\/fr\/wp-json\/wp\/v2\/news"}],"about":[{"href":"https:\/\/p4h.world\/fr\/wp-json\/wp\/v2\/types\/news"}],"author":[{"embeddable":true,"href":"https:\/\/p4h.world\/fr\/wp-json\/wp\/v2\/users\/1164"}],"replies":[{"embeddable":true,"href":"https:\/\/p4h.world\/fr\/wp-json\/wp\/v2\/comments?post=987636058"}],"version-history":[{"count":1,"href":"https:\/\/p4h.world\/fr\/wp-json\/wp\/v2\/news\/987636058\/revisions"}],"predecessor-version":[{"id":987708573,"href":"https:\/\/p4h.world\/fr\/wp-json\/wp\/v2\/news\/987636058\/revisions\/987708573"}],"wp:featuredmedia":[{"embeddable":true,"href":"https:\/\/p4h.world\/fr\/wp-json\/wp\/v2\/media\/987708569"}],"wp:attachment":[{"href":"https:\/\/p4h.world\/fr\/wp-json\/wp\/v2\/media?parent=987636058"}],"wp:term":[{"taxonomy":"category","embeddable":true,"href":"https:\/\/p4h.world\/fr\/wp-json\/wp\/v2\/categories?post=987636058"},{"taxonomy":"post_tag","embeddable":true,"href":"https:\/\/p4h.world\/fr\/wp-json\/wp\/v2\/tags?post=987636058"}],"curies":[{"name":"wp","href":"https:\/\/api.w.org\/{rel}","templated":true}]}}