{"id":987636088,"date":"2020-05-28T07:29:51","date_gmt":"2020-05-28T06:29:51","guid":{"rendered":"https:\/\/p4h.world\/news\/les-responsables-syndicaux-vietnamiens-recoivent-une-formation-sur-la-protection-sociale-de-la-sante-et-dautres-prestations-de-securite-sociale-liees-a-la-sante\/"},"modified":"2020-05-28T07:29:51","modified_gmt":"2020-05-28T06:29:51","slug":"les-responsables-syndicaux-vietnamiens-recoivent-une-formation-sur-la-protection-sociale-de-la-sante-et-dautres-prestations-de-securite-sociale-liees-a-la-sante","status":"publish","type":"news","link":"https:\/\/p4h.world\/fr\/news\/les-responsables-syndicaux-vietnamiens-recoivent-une-formation-sur-la-protection-sociale-de-la-sante-et-dautres-prestations-de-securite-sociale-liees-a-la-sante\/","title":{"rendered":"Les responsables syndicaux vietnamiens re\u00e7oivent une formation sur la protection sociale de la sant\u00e9 et d&#8217;autres prestations de s\u00e9curit\u00e9 sociale li\u00e9es \u00e0 la sant\u00e9"},"content":{"rendered":"<p><span><span><span>Une formation de trois jours a permis d&#8217;am\u00e9liorer les connaissances des responsables syndicaux en mati\u00e8re de protection sociale de la sant\u00e9 et d&#8217;autres prestations de s\u00e9curit\u00e9 sociale li\u00e9es \u00e0 la sant\u00e9, afin qu&#8217;ils puissent mieux remplir leur r\u00f4le de repr\u00e9sentants des travailleurs.  <\/span><\/span><\/span><\/p>\n<p><span><span><span>Le cours, organis\u00e9 du 2 au 4 juin \u00e0 Ha Noi par la Conf\u00e9d\u00e9ration g\u00e9n\u00e9rale du travail du Viet Nam (CGTV) et l&#8217;Organisation internationale du travail (OIT), visait \u00e9galement \u00e0 am\u00e9liorer les comp\u00e9tences de communication sur ce sujet pour 40 participants <span>issus de <\/span>16 organisations syndicales provinciales et de huit organisations syndicales sectorielles.  <span>Les r\u00e9sultats d&#8217;une \u00e9valuation rapide men\u00e9e par l&#8217;OIT<\/span> <span>l&#8217;OIT&nbsp;et la VGCL en novembre 2019 montrent que les lacunes en mati\u00e8re de connaissances persistent <\/span> <span><br \/>\n  <span>parmi les ouvri\u00e8res des zones industrielles, sur les droits et les proc\u00e9dures li\u00e9s aux prestations de sant\u00e9, de maternit\u00e9 et de maladie<\/span><br \/>\n<\/span><span>. <\/span> <\/span><\/span><\/span><\/p>\n<p><span><span><span>Cette toute premi\u00e8re formation sur la s\u00e9curit\u00e9 sociale et la protection sociale de la sant\u00e9, organis\u00e9e par le d\u00e9partement des affaires f\u00e9minines de la VGCL pour ses agents locaux, devrait contribuer \u00e0 combler ces lacunes. Les participants sont cens\u00e9s transmettre les connaissances et les comp\u00e9tences acquises lors de cette formation aux ouvri\u00e8res de l&#8217;usine.  <\/span><\/span><\/span><\/p>\n<p><span><span><span>&nbsp;&#8220;Il est essentiel que les travailleuses vietnamiennes soient pleinement conscientes de leurs droits \u00e0 la protection sociale en mati\u00e8re de sant\u00e9, et que leurs droits soient respect\u00e9s et pleinement utilis\u00e9s&#8221;, a d\u00e9clar\u00e9 Chang-Hee Lee, directeur de pays de l&#8217;OIT au Viet Nam.  <\/span><\/span><\/span><\/p>\n<p><span><span><span>Dans un deuxi\u00e8me temps, le projet OIT-Lux aidera la VGCL \u00e0 organiser trois forums de communication ciblant les ouvri\u00e8res d&#8217;usine dans les provinces de Bac Ninh et de Binh Duong. Les le\u00e7ons tir\u00e9es de ces \u00e9v\u00e9nements pilotes seront document\u00e9es par la VGCL afin d&#8217;\u00eatre reproduites dans d&#8217;autres provinces.&nbsp; <\/span><\/span><\/span><\/p>\n<p><b>Dur\u00e9e de l&#8217;\u00e9v\u00e9nement : <\/b>02 Jun 2020 6:00 am to 04 Jun 2020 3:00 pm<br \/><b>Fuseau horaire : <\/b>UTC+07:00<br \/><b>L&#8217;\u00e9v\u00e9nement est une conf\u00e9rence : <\/b>Non<\/p>\n","protected":false},"excerpt":{"rendered":"<p>Une formation de trois jours a permis d&#8217;am\u00e9liorer les connaissances des responsables syndicaux en mati\u00e8re de protection sociale de la sant\u00e9 et d&#8217;autres prestations de s\u00e9curit\u00e9 sociale li\u00e9es \u00e0 la sant\u00e9, afin qu&#8217;ils puissent mieux remplir leur r\u00f4le de repr\u00e9sentants des travailleurs. Le cours, organis\u00e9 du 2 au 4 juin \u00e0 Ha Noi par la&#8230;<\/p>\n","protected":false},"author":610,"featured_media":987536330,"comment_status":"closed","ping_status":"closed","template":"","meta":{"_et_pb_use_builder":"","_et_pb_old_content":"","_et_gb_content_width":""},"categories":[],"tags":[2454,2847],"acf":[],"_links":{"self":[{"href":"https:\/\/p4h.world\/fr\/wp-json\/wp\/v2\/news\/987636088"}],"collection":[{"href":"https:\/\/p4h.world\/fr\/wp-json\/wp\/v2\/news"}],"about":[{"href":"https:\/\/p4h.world\/fr\/wp-json\/wp\/v2\/types\/news"}],"author":[{"embeddable":true,"href":"https:\/\/p4h.world\/fr\/wp-json\/wp\/v2\/users\/610"}],"replies":[{"embeddable":true,"href":"https:\/\/p4h.world\/fr\/wp-json\/wp\/v2\/comments?post=987636088"}],"version-history":[{"count":0,"href":"https:\/\/p4h.world\/fr\/wp-json\/wp\/v2\/news\/987636088\/revisions"}],"wp:featuredmedia":[{"embeddable":true,"href":"https:\/\/p4h.world\/fr\/wp-json\/wp\/v2\/media\/987536330"}],"wp:attachment":[{"href":"https:\/\/p4h.world\/fr\/wp-json\/wp\/v2\/media?parent=987636088"}],"wp:term":[{"taxonomy":"category","embeddable":true,"href":"https:\/\/p4h.world\/fr\/wp-json\/wp\/v2\/categories?post=987636088"},{"taxonomy":"post_tag","embeddable":true,"href":"https:\/\/p4h.world\/fr\/wp-json\/wp\/v2\/tags?post=987636088"}],"curies":[{"name":"wp","href":"https:\/\/api.w.org\/{rel}","templated":true}]}}