{"id":987636641,"date":"2017-12-12T03:40:31","date_gmt":"2017-12-12T02:40:31","guid":{"rendered":"https:\/\/p4h.world\/news\/plate-forme-de-protection-de-la-sante-de-loit\/"},"modified":"2017-12-12T03:40:31","modified_gmt":"2017-12-12T02:40:31","slug":"plate-forme-de-protection-de-la-sante-de-loit","status":"publish","type":"news","link":"https:\/\/p4h.world\/fr\/news\/plate-forme-de-protection-de-la-sante-de-loit\/","title":{"rendered":"Plate-forme de protection de la sant\u00e9 de l&#8217;OIT"},"content":{"rendered":"<p><strong>Br\u00e8ve description<\/strong><br \/>\nLa section Protection de la sant\u00e9 de la Protection sociale de l&#8217;OIT fournit des informations sur les diff\u00e9rentes dimensions de l&#8217;acc\u00e8s aux soins de sant\u00e9 de l&#8217;OIT (couverture l\u00e9gale, disponibilit\u00e9, accessibilit\u00e9 financi\u00e8re\/protection financi\u00e8re). Les in\u00e9galit\u00e9s mondiales en mati\u00e8re d&#8217;acc\u00e8s aux soins de sant\u00e9 sont illustr\u00e9es, par exemple en ce qui concerne les revenus, le sexe, l&#8217;\u00e2ge et les disparit\u00e9s entre zones rurales et urbaines. Elle montre \u00e9galement comment les investissements dans la protection de la sant\u00e9 peuvent avoir un impact positif sur le d\u00e9veloppement socio-\u00e9conomique global d&#8217;un pays.<\/p>\n<p><strong>Objectif<\/strong><br \/>\nFournit de l&#8217;aide et des informations \u00e0 tous ceux qui \u0153uvrent en faveur de la protection universelle de la sant\u00e9<\/p>\n<p><strong>M\u00e9thodologie et type de donn\u00e9es requises<\/strong><br \/>\n&#8211;<\/p>\n<p><strong>Utilisateurs \/ public cible<\/strong><br \/>\nPraticiens, d\u00e9cideurs politiques<\/p>\n<p><strong>Organisation<\/strong><br \/>\nOrganisation internationale du travail (OIT)<\/p>\n<p><strong>Contact<\/strong><br \/>\n<a href=\"mailto:scheil@ilo.org\">scheil@ilo.org<\/a><\/p>\n<p><strong>Site web<\/strong><br \/>\n<a href=\"http:\/\/www.social-protection.org\/gimi\/gess\/ShowWiki.action?wiki.wikiId=2509\">http:\/\/www.social-protection.org\/gimi\/gess\/ShowWiki.action?wiki.wikiId=2509<\/a><\/p>\n<p><strong>Mots cl\u00e9s<\/strong><br \/>\nProtection de la sant\u00e9<br \/>\n&nbsp;<\/p>\n","protected":false},"excerpt":{"rendered":"<p>Br\u00e8ve description La section Protection de la sant\u00e9 de la Protection sociale de l&#8217;OIT fournit des informations sur les diff\u00e9rentes dimensions de l&#8217;acc\u00e8s aux soins de sant\u00e9 de l&#8217;OIT (couverture l\u00e9gale, disponibilit\u00e9, accessibilit\u00e9 financi\u00e8re\/protection financi\u00e8re). Les in\u00e9galit\u00e9s mondiales en mati\u00e8re d&#8217;acc\u00e8s aux soins de sant\u00e9 sont illustr\u00e9es, par exemple en ce qui concerne les revenus,&#8230;<\/p>\n","protected":false},"author":116,"featured_media":0,"comment_status":"closed","ping_status":"closed","template":"","meta":{"_et_pb_use_builder":"","_et_pb_old_content":"","_et_gb_content_width":""},"categories":[],"tags":[2847,2632],"acf":[],"_links":{"self":[{"href":"https:\/\/p4h.world\/fr\/wp-json\/wp\/v2\/news\/987636641"}],"collection":[{"href":"https:\/\/p4h.world\/fr\/wp-json\/wp\/v2\/news"}],"about":[{"href":"https:\/\/p4h.world\/fr\/wp-json\/wp\/v2\/types\/news"}],"author":[{"embeddable":true,"href":"https:\/\/p4h.world\/fr\/wp-json\/wp\/v2\/users\/116"}],"replies":[{"embeddable":true,"href":"https:\/\/p4h.world\/fr\/wp-json\/wp\/v2\/comments?post=987636641"}],"version-history":[{"count":0,"href":"https:\/\/p4h.world\/fr\/wp-json\/wp\/v2\/news\/987636641\/revisions"}],"wp:attachment":[{"href":"https:\/\/p4h.world\/fr\/wp-json\/wp\/v2\/media?parent=987636641"}],"wp:term":[{"taxonomy":"category","embeddable":true,"href":"https:\/\/p4h.world\/fr\/wp-json\/wp\/v2\/categories?post=987636641"},{"taxonomy":"post_tag","embeddable":true,"href":"https:\/\/p4h.world\/fr\/wp-json\/wp\/v2\/tags?post=987636641"}],"curies":[{"name":"wp","href":"https:\/\/api.w.org\/{rel}","templated":true}]}}