{"id":987636882,"date":"2016-01-11T03:32:24","date_gmt":"2016-01-11T02:32:24","guid":{"rendered":"https:\/\/p4h.world\/news\/mise-a-jour-du-processus-01-2016\/"},"modified":"2016-01-11T03:32:24","modified_gmt":"2016-01-11T02:32:24","slug":"mise-a-jour-du-processus-01-2016","status":"publish","type":"news","link":"https:\/\/p4h.world\/fr\/news\/mise-a-jour-du-processus-01-2016\/","title":{"rendered":"Mise \u00e0 jour du processus -\/01\/2016"},"content":{"rendered":"<p><em>Source : GIZ \/ Point focal national P4H<\/em><\/p>\n<ul>\n<li><span style=\"text-indent: -18pt;font-size: 11pt;font-family: 'Times New Roman'\">La formulation du troisi\u00e8me <strong>plan strat\u00e9gique pour la sant\u00e9<\/strong> (2016-20) n&#8217;est pas encore achev\u00e9e, bien que la section sur le financement de la sant\u00e9 ait \u00e9t\u00e9 finalis\u00e9e. Les strat\u00e9gies correspondantes seront ax\u00e9es sur le budget national de la sant\u00e9, le ciblage des ressources disponibles en fonction des besoins de la population, l&#8217;augmentation de la protection contre les risques financiers et l&#8217;efficacit\u00e9 dans l&#8217;utilisation des ressources disponibles, l&#8217;alignement des objectifs et du financement des partenaires de d\u00e9veloppement et du minist\u00e8re de la sant\u00e9, ainsi que l&#8217;am\u00e9lioration des pratiques de coordination.<\/span><\/li>\n<li><span style=\"text-indent: -18pt;font-size: 11pt;font-family: 'Times New Roman'\">Les <strong>accords de financement commun<\/strong> pr\u00e9vus pour d\u00e9marrer en juillet 2016 prennent forme et l&#8217;initiative est appel\u00e9e H-EQIP pour souligner l&#8217;accent mis par le programme sur l&#8217;\u00e9quit\u00e9 en mati\u00e8re de sant\u00e9 et l&#8217;am\u00e9lioration de la qualit\u00e9 des soins. Les principaux partenaires sont la Banque mondiale, la KfW, le DFAT australien et la KOICA. L&#8217;USAID fournira un soutien financier suppl\u00e9mentaire pour les intrants techniques.<\/span><\/li>\n<li><span style=\"text-indent: -18pt;font-size: 11pt;font-family: 'Times New Roman'\">Le minist\u00e8re de l&#8217;\u00e9conomie et des finances a fait appel \u00e0 une soci\u00e9t\u00e9 priv\u00e9e pour l&#8217;aider \u00e0 formuler le <strong>cadre<\/strong> national <strong>de protection sociale<\/strong>, y compris l&#8217;assurance maladie sociale pour les employ\u00e9s du secteur formel (priv\u00e9 et civil) et la protection sociale de la sant\u00e9 pour la population du secteur informel. Les partenaires de d\u00e9veloppement engag\u00e9s dans le secteur ont \u00e9t\u00e9 invit\u00e9s \u00e0 commenter le premier projet de rapport. La GIZ, l&#8217;USAID, l&#8217;OIT et l&#8217;UNICEF ont uni leurs forces &#8211; avec le soutien de la JICA &#8211; pour formuler une r\u00e9ponse commune. Le minist\u00e8re de l&#8217;\u00e9conomie et des finances a sugg\u00e9r\u00e9 aux partenaires de d\u00e9veloppement d&#8217;am\u00e9liorer la section du cadre relative \u00e0 la protection sociale de la sant\u00e9, en profitant de l&#8217;occasion pour int\u00e9grer les principaux aspects de la politique de financement de la sant\u00e9. Le ministre de la sant\u00e9 a ensuite approuv\u00e9 la section concern\u00e9e. Ces actions augmentent les chances d&#8217;approbation de la politique, m\u00eame si certaines parties devront \u00eatre r\u00e9\u00e9crites, notamment en ce qui concerne les dispositions institutionnelles.<\/span><\/li>\n<li><span style=\"text-indent: -18pt;font-size: 11pt;font-family: 'Times New Roman'\">Les partenaires engag\u00e9s dans la formulation de la <strong>r\u00e9ponse<\/strong> au projet de cadre de protection sociale du minist\u00e8re de l&#8217;\u00e9conomie et des finances se sont regroup\u00e9s au sein du <strong>groupe d&#8217;\u00e9change sur la protection sociale<\/strong>.<\/span><\/li>\n<li><span style=\"text-indent: -18pt;font-size: 11pt;font-family: 'Times New Roman'\">Des progr\u00e8s importants ont \u00e9t\u00e9 r\u00e9alis\u00e9s avec la publication r\u00e9cente (la semaine derni\u00e8re) d&#8217;un sous-d\u00e9cret par le Conseil des ministres concernant le lancement de l&#8217;<strong>assurance maladie sociale<\/strong> pour les employ\u00e9s du secteur priv\u00e9 formel dans le cadre du Fonds national de s\u00e9curit\u00e9 sociale.<\/span><\/li>\n<li><span style=\"text-indent: -18pt;font-size: 11pt;font-family: 'Times New Roman'\"><em><br \/>\n  <strong>L&#8217;USAID<\/strong><br \/>\n<\/em> a lanc\u00e9 le projet de financement et de gouvernance de la sant\u00e9, tandis que la <em><br \/>\n  <strong>JICA<\/strong><br \/>\n<\/em> devrait s&#8217;engager officiellement dans la protection sociale de la sant\u00e9 pour la population du secteur informel. Dans un v\u00e9ritable esprit P4H, les <em>deux agences ont largement consult\u00e9 les responsables gouvernementaux et les partenaires de d\u00e9veloppement<\/em> sur la mani\u00e8re de maximiser la collaboration et d&#8217;\u00e9viter les chevauchements avec d&#8217;autres initiatives. La JICA a organis\u00e9 un voyage d&#8217;\u00e9tude au Japon &#8211; qui sera suivi par la Tha\u00eflande d\u00e9but f\u00e9vrier &#8211; avec des d\u00e9cideurs de diff\u00e9rents minist\u00e8res en pr\u00e9paration de l&#8217;exercice de formulation du projet. L&#8217;USAID organise \u00e0 son tour des s\u00e9ances d&#8217;information au minist\u00e8re de l&#8217;\u00e9conomie et des finances sur les strat\u00e9gies visant \u00e0 inclure le milieu manquant &#8211; la population non pauvre du secteur informel &#8211; et sur les moyens de parvenir \u00e0 une couverture universelle en mati\u00e8re de sant\u00e9.<\/span><\/li>\n<\/ul>\n<p><!--[if gte mso 9]&gt;--><\/p>\n<p>0<br \/>\n0<br \/>\n1<br \/>\n437<br \/>\n2529<br \/>\nGIZ<br \/>\n53<br \/>\n17<br \/>\n2949<br \/>\n14.0<\/p>\n<p> <!--[if gte mso 9]&gt;--><\/p>\n<p>Normal<br \/>\n0<\/p>\n<p>faux<br \/>\nfaux<br \/>\nfaux<\/p>\n<p>EN-US<br \/>\nJA<br \/>\nX-NONE<\/p>\n<p><!--[if gte mso 9]&gt;--><\/p>\n<p> <!--[if gte mso 10]&gt;--><\/p>\n<p>  \/* D\u00e9finitions de style *\/<br \/>\ntable.MsoNormalTable<br \/>\n  {mso-style-name : &#8220;Table Normal&#8221; ;<br \/>\n  mso-tstyle-rowband-size:0 ;<br \/>\n  mso-tstyle-colband-size:0 ;<br \/>\n  mso-style-noshow:oui ;<br \/>\n  mso-style-priority:99 ;<br \/>\n  mso-style-parent :&#8221;&#8221; ;<br \/>\n  mso-padding-alt:0cm 5.4pt 0cm 5.4pt ;<br \/>\n  mso-para-margin:0cm ;<br \/>\n  mso-para-margin-bottom : .0001pt ;<br \/>\n  mso-pagination:widow-orphan ;<br \/>\n  font-size:12.0pt ;<br \/>\n  font-family:Cambria ;<br \/>\n  mso-ascii-font-family:Cambria ;<br \/>\n  mso-ascii-theme-font:minor-latin ;<br \/>\n  mso-hansi-font-family:Cambria ;<br \/>\n  mso-hansi-theme-font:minor-latin ;<br \/>\n  mso-ansi-language:EN-US;}<br \/>\n <!--StartFragment--> <!--EndFragment--><\/p>\n","protected":false},"excerpt":{"rendered":"<p>Source : GIZ \/ Point focal national P4H La formulation du troisi\u00e8me plan strat\u00e9gique pour la sant\u00e9 (2016-20) n&#8217;est pas encore achev\u00e9e, bien que la section sur le financement de la sant\u00e9 ait \u00e9t\u00e9 finalis\u00e9e. Les strat\u00e9gies correspondantes seront ax\u00e9es sur le budget national de la sant\u00e9, le ciblage des ressources disponibles en fonction des&#8230;<\/p>\n","protected":false},"author":1362,"featured_media":0,"comment_status":"closed","ping_status":"closed","template":"","meta":{"_et_pb_use_builder":"","_et_pb_old_content":"","_et_gb_content_width":""},"categories":[],"tags":[],"acf":[],"_links":{"self":[{"href":"https:\/\/p4h.world\/fr\/wp-json\/wp\/v2\/news\/987636882"}],"collection":[{"href":"https:\/\/p4h.world\/fr\/wp-json\/wp\/v2\/news"}],"about":[{"href":"https:\/\/p4h.world\/fr\/wp-json\/wp\/v2\/types\/news"}],"author":[{"embeddable":true,"href":"https:\/\/p4h.world\/fr\/wp-json\/wp\/v2\/users\/1362"}],"replies":[{"embeddable":true,"href":"https:\/\/p4h.world\/fr\/wp-json\/wp\/v2\/comments?post=987636882"}],"version-history":[{"count":0,"href":"https:\/\/p4h.world\/fr\/wp-json\/wp\/v2\/news\/987636882\/revisions"}],"wp:attachment":[{"href":"https:\/\/p4h.world\/fr\/wp-json\/wp\/v2\/media?parent=987636882"}],"wp:term":[{"taxonomy":"category","embeddable":true,"href":"https:\/\/p4h.world\/fr\/wp-json\/wp\/v2\/categories?post=987636882"},{"taxonomy":"post_tag","embeddable":true,"href":"https:\/\/p4h.world\/fr\/wp-json\/wp\/v2\/tags?post=987636882"}],"curies":[{"name":"wp","href":"https:\/\/api.w.org\/{rel}","templated":true}]}}