{"id":987636967,"date":"2014-09-10T03:32:45","date_gmt":"2014-09-10T02:32:45","guid":{"rendered":"https:\/\/p4h.world\/news\/finalisation-des-lignes-directrices-pour-la-mise-en-oeuvre-de-lassurance-maladie-sociale-08-2014\/"},"modified":"2014-09-10T03:32:45","modified_gmt":"2014-09-10T02:32:45","slug":"finalisation-des-lignes-directrices-pour-la-mise-en-oeuvre-de-lassurance-maladie-sociale-08-2014","status":"publish","type":"news","link":"https:\/\/p4h.world\/fr\/news\/finalisation-des-lignes-directrices-pour-la-mise-en-oeuvre-de-lassurance-maladie-sociale-08-2014\/","title":{"rendered":"Finalisation des lignes directrices pour la mise en \u0153uvre de l&#8217;assurance maladie sociale -\/08\/2014"},"content":{"rendered":"<p class=\"MsoNormal\" style=\"margin: 0in 0in 0.0001pt;font-size: 12pt;font-family: 'Times New Roman', serif;color: #000000;line-height: normal\"><strong>Source : GIZ Nepal GIZ N\u00e9pal<\/strong><\/p>\n<p class=\"MsoNormal\" style=\"margin: 0in 0in 0.0001pt;font-size: 12pt;font-family: 'Times New Roman', serif;color: #000000;line-height: normal\">\n<p class=\"MsoNormal\" style=\"margin: 0in 0in 0.0001pt;font-size: 12pt;font-family: 'Times New Roman', serif;color: #000000;line-height: normal\"><span style=\"color: #1f497d\">Le minist\u00e8re de la sant\u00e9 et de la population (MoHP) finalise les lignes directrices pour la mise en \u0153uvre de l&#8217;assurance maladie sociale nationale (NSHI) au N\u00e9pal. Le document ci-joint est en n\u00e9palais, une traduction en anglais est en pr\u00e9paration. (La version anglaise ne sera pas un document officiel du minist\u00e8re de la sant\u00e9 et des sports).<\/span><\/p>\n<p class=\"MsoNormal\" style=\"margin: 0in 0in 0.0001pt;font-size: 12pt;font-family: 'Times New Roman', serif;color: #000000;line-height: normal\"><span style=\"color: #1f497d\"> <\/span><\/p>\n<p class=\"MsoNormal\" style=\"margin: 0in 0in 0.0001pt;font-size: 12pt;font-family: 'Times New Roman', serif;color: #000000;line-height: normal\"><span style=\"color: #1f497d\">Apr\u00e8s avoir \u00e9t\u00e9 approuv\u00e9es par le ministre de la sant\u00e9 et de la population, les lignes directrices relatives \u00e0 la mise en \u0153uvre de la NSHI ont \u00e9t\u00e9 transmises au cabinet.<\/span><\/p>\n<p class=\"MsoNormal\" style=\"margin: 0in 0in 0.0001pt;font-size: 12pt;font-family: 'Times New Roman', serif;color: #000000;line-height: normal\">\n<p class=\"MsoNormal\" style=\"margin: 0in 0in 0.0001pt;font-size: 12pt;font-family: 'Times New Roman', serif;color: #000000;line-height: normal\"><a href=\"\/wp-content\/uploads\/2014\/06\/2014_08_25_Nepal_NSHI_Implementation_Guidelines.pdf\">2014_08_25_Nepal_NSHI_Implementation_Guidelines<\/a><\/p>\n","protected":false},"excerpt":{"rendered":"<p>Source : GIZ Nepal GIZ N\u00e9pal Le minist\u00e8re de la sant\u00e9 et de la population (MoHP) finalise les lignes directrices pour la mise en \u0153uvre de l&#8217;assurance maladie sociale nationale (NSHI) au N\u00e9pal. Le document ci-joint est en n\u00e9palais, une traduction en anglais est en pr\u00e9paration. (La version anglaise ne sera pas un document officiel&#8230;<\/p>\n","protected":false},"author":1362,"featured_media":0,"comment_status":"closed","ping_status":"closed","template":"","meta":{"_et_pb_use_builder":"","_et_pb_old_content":"","_et_gb_content_width":""},"categories":[2431],"tags":[],"acf":[],"_links":{"self":[{"href":"https:\/\/p4h.world\/fr\/wp-json\/wp\/v2\/news\/987636967"}],"collection":[{"href":"https:\/\/p4h.world\/fr\/wp-json\/wp\/v2\/news"}],"about":[{"href":"https:\/\/p4h.world\/fr\/wp-json\/wp\/v2\/types\/news"}],"author":[{"embeddable":true,"href":"https:\/\/p4h.world\/fr\/wp-json\/wp\/v2\/users\/1362"}],"replies":[{"embeddable":true,"href":"https:\/\/p4h.world\/fr\/wp-json\/wp\/v2\/comments?post=987636967"}],"version-history":[{"count":0,"href":"https:\/\/p4h.world\/fr\/wp-json\/wp\/v2\/news\/987636967\/revisions"}],"wp:attachment":[{"href":"https:\/\/p4h.world\/fr\/wp-json\/wp\/v2\/media?parent=987636967"}],"wp:term":[{"taxonomy":"category","embeddable":true,"href":"https:\/\/p4h.world\/fr\/wp-json\/wp\/v2\/categories?post=987636967"},{"taxonomy":"post_tag","embeddable":true,"href":"https:\/\/p4h.world\/fr\/wp-json\/wp\/v2\/tags?post=987636967"}],"curies":[{"name":"wp","href":"https:\/\/api.w.org\/{rel}","templated":true}]}}