{"id":987649919,"date":"2023-07-18T13:15:22","date_gmt":"2023-07-18T12:15:22","guid":{"rendered":"https:\/\/p4h.world\/news\/systemes-de-sante-en-transition-revue-du-systeme-de-sante-de-la-france-2023\/"},"modified":"2023-10-02T16:51:44","modified_gmt":"2023-10-02T15:51:44","slug":"systemes-de-sante-en-transition-revue-du-systeme-de-sante-de-la-france-2023","status":"publish","type":"news","link":"https:\/\/p4h.world\/fr\/news\/systemes-de-sante-en-transition-revue-du-systeme-de-sante-de-la-france-2023\/","title":{"rendered":"Syst\u00e8mes de sant\u00e9 en transition : Revue du syst\u00e8me de sant\u00e9 de la France 2023"},"content":{"rendered":"<p>[et_pb_section fb_built=&#8221;1&#8243; admin_label=&#8221;! !! NE PAS MODIFIER ! !!&#8221; _builder_version=&#8221;4.19.5&#8243; _module_preset=&#8221;default&#8221; global_colors_info=&#8221;{}&#8221;][et_pb_row admin_label=&#8221;!!! PLEASE DO NOT EDIT !!!&#8221; _builder_version=&#8221;4.19.5&#8243; _module_preset=&#8221;default&#8221; global_colors_info=&#8221;{}&#8221;][et_pb_column type=&#8221;4_4&#8243; _builder_version=&#8221;4.19.5&#8243; _module_preset=&#8221;default&#8221; global_colors_info=&#8221;{}&#8221;][et_pb_text admin_label=&#8221;TO BE EDITED &#8211; SUMMARY &#8211; Click on the WHEEL icon to open the textarea where you can paste or type your summary. Summary should be in bold and 250-300 characters. The counter at the bottom can help.&#8221; _builder_version=&#8221;4.21.0&#8243; _module_preset=&#8221;default&#8221; custom_padding=&#8221;||20px||false|false&#8221; global_colors_info=&#8221;{}&#8221;]<strong>Cette \u00e9tude du syst\u00e8me de sant\u00e9 fran\u00e7ais analyse les d\u00e9veloppements r\u00e9cents en mati\u00e8re d&#8217;organisation et de gouvernance de la sant\u00e9, de financement, d&#8217;offre de soins, de r\u00e9formes r\u00e9centes et de performance du syst\u00e8me de sant\u00e9.<\/strong><br \/>\n[\/et_pb_text][et_pb_text admin_label=&#8221;TO BE EDITED &#8211; TEXT OF THE NEWS &#8211; Click on the WHEEL icon to open the textarea where you can paste or type your news. PLEASE USE THE USE ONLY THE FEATURED IMAGE FUNCTION on your right column to add the image.&#8221; _builder_version=&#8221;4.21.0&#8243; _module_preset=&#8221;default&#8221; hover_enabled=&#8221;0&#8243; global_colors_info=&#8221;{}&#8221; sticky_enabled=&#8221;0&#8243;]<\/p>\n<p class=\"texte-esp\"><span>Les syst\u00e8mes de sant\u00e9 en transition <\/span><em><br \/>\n  <span>Syst\u00e8mes de sant\u00e9 en transition<\/span><br \/>\n<\/em><span>  &#8211; Les profils HIT d\u00e9crivent le fonctionnement des syst\u00e8mes de sant\u00e9 principalement dans la r\u00e9gion europ\u00e9enne de l&#8217;Organisation mondiale de la sant\u00e9 (OMS). Ils donnent un aper\u00e7u du syst\u00e8me de sant\u00e9 et des r\u00e9formes en cours dans chaque pays. R\u00e9f\u00e9rence majeure pour les d\u00e9cideurs publics, les professionnels de la sant\u00e9 et les chercheurs, elles sont r\u00e9guli\u00e8rement mises \u00e0 jour et publi\u00e9es par l&#8217;Agence europ\u00e9enne des droits fondamentaux.  <\/span><a href=\"https:\/\/eurohealthobservatory.who.int\/home\"><span>Observatoire europ\u00e9en des syst\u00e8mes et des politiques de sant\u00e9<\/span><\/a><span>  . Le dernier HIT pour la France date de 2015. Cette \u00e9dition 2023, men\u00e9e par l&#8217;Irdes  <\/span><a href=\"https:\/\/www.irdes.fr\/default.htm\"><br \/>\n  <span>,<\/span><br \/>\n<\/a><span> fournit une analyse d\u00e9taill\u00e9e du syst\u00e8me de sant\u00e9 fran\u00e7ais en mettant en lumi\u00e8re les r\u00e9formes r\u00e9centes et les d\u00e9fis \u00e0 relever.<\/span><br \/><span>La France a l&#8217;une des esp\u00e9rances de vie \u00e0 la naissance les plus \u00e9lev\u00e9es au monde &#8211; 82,5 ans en 2021 -, malgr\u00e9 l&#8217;impact n\u00e9gatif de la pand\u00e9mie de Covid-19 en 2020. L&#8217;accessibilit\u00e9 financi\u00e8re aux soins est g\u00e9n\u00e9ralement \u00e9lev\u00e9e. Les frais \u00e0 la charge des patients et les co\u00fbts des soins de sant\u00e9 catastrophiques sont parmi les plus bas de l&#8217;Union europ\u00e9enne. Cependant, il existe d&#8217;importantes in\u00e9galit\u00e9s g\u00e9ographiques dans l&#8217;acc\u00e8s aux soins, li\u00e9es \u00e0 la r\u00e9partition in\u00e9gale des professionnels de la sant\u00e9 dans le pays. En outre, il existe d&#8217;importantes in\u00e9galit\u00e9s en mati\u00e8re de sant\u00e9 entre les r\u00e9gions, les classes socio-\u00e9conomiques et les sexes.<\/span><br \/><span>Comme pour beaucoup d&#8217;autres syst\u00e8mes de sant\u00e9 en Europe, la pand\u00e9mie de Covid-19 a mis en lumi\u00e8re certaines faiblesses structurelles du syst\u00e8me de sant\u00e9 fran\u00e7ais, mais elle a aussi offert des opportunit\u00e9s pour am\u00e9liorer sa durabilit\u00e9. Ces changements s&#8217;appuient notamment sur la volont\u00e9 de renforcer la prise de d\u00e9cision au niveau local en impliquant les professionnels de sant\u00e9, et de trouver de nouveaux modes de financement pour favoriser la coordination et l&#8217;int\u00e9gration des soins. Les r\u00e9formes \u00e0 venir visent \u00e0 am\u00e9liorer l&#8217;acc\u00e8s aux soins et \u00e0 la pr\u00e9vention, \u00e0 investir dans de nouvelles comp\u00e9tences en mati\u00e8re de sant\u00e9, ainsi qu&#8217;\u00e0 poursuivre la r\u00e9forme des soins primaires et du financement des professionnels afin d&#8217;am\u00e9liorer l&#8217;\u00e9quit\u00e9, la qualit\u00e9 et la pertinence des soins.<\/span><\/p>\n<p class=\"texte-esp\"><i class=\"fa fa-angle-right\" aria-hidden=\"true\"><\/i><a href=\"https:\/\/eurohealthobservatory.who.int\/publications\/i\/france-health-system-review-2023\"><br \/>\n  <span>Pour en savoir plus<\/span><br \/>\n<\/a> <a class=\"defaultMailLink\" href=\"https:\/\/eurohealthobservatory.who.int\/publications\/i\/france-health-system-review-2023\" target=\"_blank\" rel=\"noopener noreferrer\" data-ik=\"ik-secure\"><br \/>\n  <span lang=\"FR\">https:\/\/eurohealthobservatory.who.int\/publications\/i\/france-health-system-review-2023<\/span><br \/>\n<\/a><\/p>\n<p>[\/et_pb_text][\/et_pb_column][\/et_pb_row][\/et_pb_section]<\/p>\n","protected":false},"excerpt":{"rendered":"<p>Cette \u00e9tude du syst\u00e8me de sant\u00e9 fran\u00e7ais analyse les d\u00e9veloppements r\u00e9cents en mati\u00e8re d&#8217;organisation et de gouvernance de la sant\u00e9, de financement, d&#8217;offre de soins, de r\u00e9formes r\u00e9centes et de performance du syst\u00e8me de sant\u00e9. Les syst\u00e8mes de sant\u00e9 en transition Syst\u00e8mes de sant\u00e9 en transition &#8211; Les profils HIT d\u00e9crivent le fonctionnement des syst\u00e8mes&#8230;<\/p>\n","protected":false},"author":559,"featured_media":987642630,"comment_status":"closed","ping_status":"closed","template":"","meta":{"_et_pb_use_builder":"on","_et_pb_old_content":"","_et_gb_content_width":""},"categories":[],"tags":[],"acf":[],"_links":{"self":[{"href":"https:\/\/p4h.world\/fr\/wp-json\/wp\/v2\/news\/987649919"}],"collection":[{"href":"https:\/\/p4h.world\/fr\/wp-json\/wp\/v2\/news"}],"about":[{"href":"https:\/\/p4h.world\/fr\/wp-json\/wp\/v2\/types\/news"}],"author":[{"embeddable":true,"href":"https:\/\/p4h.world\/fr\/wp-json\/wp\/v2\/users\/559"}],"replies":[{"embeddable":true,"href":"https:\/\/p4h.world\/fr\/wp-json\/wp\/v2\/comments?post=987649919"}],"version-history":[{"count":1,"href":"https:\/\/p4h.world\/fr\/wp-json\/wp\/v2\/news\/987649919\/revisions"}],"predecessor-version":[{"id":987649945,"href":"https:\/\/p4h.world\/fr\/wp-json\/wp\/v2\/news\/987649919\/revisions\/987649945"}],"wp:featuredmedia":[{"embeddable":true,"href":"https:\/\/p4h.world\/fr\/wp-json\/wp\/v2\/media\/987642630"}],"wp:attachment":[{"href":"https:\/\/p4h.world\/fr\/wp-json\/wp\/v2\/media?parent=987649919"}],"wp:term":[{"taxonomy":"category","embeddable":true,"href":"https:\/\/p4h.world\/fr\/wp-json\/wp\/v2\/categories?post=987649919"},{"taxonomy":"post_tag","embeddable":true,"href":"https:\/\/p4h.world\/fr\/wp-json\/wp\/v2\/tags?post=987649919"}],"curies":[{"name":"wp","href":"https:\/\/api.w.org\/{rel}","templated":true}]}}