{"id":987650018,"date":"2023-11-13T08:30:08","date_gmt":"2023-11-13T07:30:08","guid":{"rendered":"https:\/\/p4h.world\/news\/6eme-reunion-du-groupe-de-travail-de-montreux-sur-lespace-fiscal-la-gestion-des-finances-publiques-et-le-financement-de-la-sante\/"},"modified":"2024-02-06T20:03:29","modified_gmt":"2024-02-06T19:03:29","slug":"6eme-reunion-du-groupe-de-travail-de-montreux-sur-lespace-fiscal-la-gestion-des-finances-publiques-et-le-financement-de-la-sante","status":"publish","type":"news","link":"https:\/\/p4h.world\/fr\/news\/6eme-reunion-du-groupe-de-travail-de-montreux-sur-lespace-fiscal-la-gestion-des-finances-publiques-et-le-financement-de-la-sante\/","title":{"rendered":"6\u00e8me r\u00e9union du groupe de travail de Montreux sur l&#8217;espace fiscal, la gestion des finances publiques et le financement de la sant\u00e9"},"content":{"rendered":"<p>[et_pb_section fb_built=&#8221;1&#8243; admin_label=&#8221;! !! NE PAS MODIFIER ! !!&#8221; _builder_version=&#8221;4.19.5&#8243; _module_preset=&#8221;default&#8221; global_colors_info=&#8221;{}&#8221;][et_pb_row admin_label=&#8221;!!! PLEASE DO NOT EDIT !!!&#8221; _builder_version=&#8221;4.19.5&#8243; _module_preset=&#8221;default&#8221; global_colors_info=&#8221;{}&#8221;][et_pb_column type=&#8221;4_4&#8243; _builder_version=&#8221;4.19.5&#8243; _module_preset=&#8221;default&#8221; global_colors_info=&#8221;{}&#8221;][et_pb_text admin_label=&#8221;TO BE EDITED &#8211; SUMMARY &#8211; Click on the WHEEL icon to open the textarea where you can paste or type your summary.  Summary should be in bold and 250-300 characters. The counter at the bottom can help.&#8221; _builder_version=&#8221;4.21.0&#8243; _module_preset=&#8221;default&#8221; custom_padding=&#8221;||20px||false|false&#8221; global_colors_info=&#8221;{}&#8221;]<\/p>\n<h5><strong>13-17 novembre | Eden Hotel \u00e0 Montreux, Suisse<\/strong><\/h5>\n<h5><strong>Th\u00e8me : Ajuster la gestion des finances publiques (GFP) pour am\u00e9liorer la sant\u00e9 : de nouvelles preuves pour fa\u00e7onner les r\u00e9formes de la prochaine g\u00e9n\u00e9ration<\/strong><\/h5>\n<p><strong><a href=\"https:\/\/res.cloudinary.com\/dueqwfdln\/image\/upload\/v1702474704\/WHO_Montreux_Collaborative_2023_meeting_report_a378db2f6d.pdf\">Le rapport de la r\u00e9union du groupe de travail de Montreux de cette ann\u00e9e sur l&#8217;espace fiscal, la gestion des finances publiques et le financement de la sant\u00e9 est maintenant disponible.<\/a><\/strong><\/p>\n<p><strong><a href=\"https:\/\/www.pfm4health.net\/\">L&#8217;ordre du jour et les d\u00e9tails de la r\u00e9union sont disponibles sur la nouvelle plateforme de r\u00e9union du Montreux Collaborative.<\/a><\/strong><\/p>\n<p>[\/et_pb_text][et_pb_text admin_label=&#8221;TO BE EDITED &#8211; TEXT OF THE NEWS &#8211; Click on the WHEEL icon to open the textarea where you can paste or type your news. PLEASE USE THE USE ONLY THE FEATURED IMAGE FUNCTION on your right column to add the image.&#8221; _builder_version=&#8221;4.21.0&#8243; _module_preset=&#8221;default&#8221; global_colors_info=&#8221;{}&#8221;]<\/p>\n<p>Depuis 2014, l&#8217;OMS organise des r\u00e9unions bisannuelles du Collaborateur de Montreux, qui rassemblent des experts et des partenaires pour discuter de la relation critique entre l&#8217;espace budg\u00e9taire, la gestion des finances publiques (GFP) et le financement de la sant\u00e9 pour faire progresser la couverture sanitaire universelle (CSU). L&#8217;objectif est de mieux faire conna\u00eetre le r\u00f4le des finances publiques dans la r\u00e9alisation de la sant\u00e9 universelle, de g\u00e9n\u00e9rer et d&#8217;\u00e9changer des id\u00e9es et des enseignements pour soutenir la mise en \u0153uvre de r\u00e9formes adapt\u00e9es dans le secteur de la sant\u00e9, et de consolider et d&#8217;\u00e9largir le r\u00e9seau d&#8217;experts et de partenaires int\u00e9ress\u00e9s par les questions de finances publiques dans le domaine de la sant\u00e9.<\/p>\n<p>Comme pour les r\u00e9unions pr\u00e9c\u00e9dentes, l&#8217;\u00e9v\u00e9nement de cette ann\u00e9e est organis\u00e9 en \u00e9troite collaboration avec les partenaires impliqu\u00e9s dans ce domaine, notamment le Groupe de la Banque mondiale, le Fonds mon\u00e9taire international (FMI), l&#8217;Organisation de coop\u00e9ration et de d\u00e9veloppement \u00e9conomiques (OCDE), le Fonds des Nations unies pour l&#8217;enfance (UNICEF), Gavi, l&#8217;Alliance du vaccin (Gavi), le Fonds mondial de lutte contre le sida, la tuberculose et le paludisme (le Fonds mondial), le Partenariat international pour le budget (PIB), R\u00e9sultats pour le d\u00e9veloppement (R4D) et ThinkWell.<\/p>\n<div class=\"font-bold text-lg s:text-base text-blue-gray font-sans my-3\">Les principaux objectifs de la r\u00e9union de 2023 sont les suivants :<\/div>\n<ul class=\"font-sans text-base s:text-xs text-blue-gray font-normal flex-col list-disc ml-6 m:ml-4 s:ml-2 my-1\">\n<li class=\"py-1\">Faire le point sur les enseignements tir\u00e9s du COVID-19 pour la r\u00e9forme de la gestion des finances publiques et du financement de la sant\u00e9, et identifier les caract\u00e9ristiques de la gestion des finances publiques propices \u00e0 la mise en place de syst\u00e8mes r\u00e9silients.<\/li>\n<li class=\"py-1\">Approfondir la compr\u00e9hension des exigences en mati\u00e8re de gestion des finances publiques pour un financement efficace des soins de sant\u00e9 primaires<\/li>\n<li class=\"py-1\">D\u00e9cortiquer les probl\u00e8mes li\u00e9s \u00e0 l&#8217;ex\u00e9cution du budget de la sant\u00e9 et discuter des solutions communes entre les finances et la sant\u00e9<\/li>\n<\/ul>\n<p><strong>La r\u00e9union du Groupe de travail de Montreux 2023 sera hybride, c&#8217;est-\u00e0-dire qu&#8217;elle se tiendra \u00e0 la fois en personne et en ligne. Les  <\/strong><strong>Le lieu de r\u00e9union est l&#8217;h\u00f4tel Eden \u00e0 Montreux, en Suisse.<\/strong><\/p>\n<p>Pour s&#8217;inscrire \u00e0 la session virtuelle<\/p>\n<ul style=\"font-weight: 400;\">\n<li><strong>Visitez la page de l&#8217;\u00e9v\u00e9nement sur notre nouvelle plateforme Montreux Collaborative :<\/strong> <a href=\"https:\/\/www.pfm4health.net\/events\/event-details\/1\" data-saferedirecturl=\"https:\/\/www.google.com\/url?q=https:\/\/www.pfm4health.net\/events\/event-details\/1&amp;source=gmail&amp;ust=1699711554291000&amp;usg=AOvVaw1Id9lEpvAjmWHuAsUQYtQh\"><br \/>\n  <strong>https:\/\/www.pfm4health.net\/events\/event-details\/1<\/strong><br \/>\n<\/a><\/li>\n<li>Faites d\u00e9filer vers le bas et <strong>cliquez sur &#8220;Connexions aux r\u00e9unions&#8221;<\/strong>, ce qui ouvrira une nouvelle page d&#8217;enregistrement de zoom o\u00f9 vous devrez indiquer votre nom\/affiliation.<\/li>\n<li>Apr\u00e8s avoir compl\u00e9t\u00e9 cette inscription rapide, vous <strong>recevrez un e-mail de Val\u00e9rie Dossogne<\/strong> (notre support de communication) qui contiendra votre lien Zoom individuel.<\/li>\n<li><strong>Connectez-vous en ligne<\/strong> le mardi 14 novembre \u00e0 partir de 0900 CET.<\/li>\n<li>Les participants virtuels pourront <strong>poser des questions en ligne<\/strong>. Notre responsable du chat, Connor, surveillera les questions et les s\u00e9lectionnera pour les pan\u00e9listes.<\/li>\n<\/ul>\n<p>Pour plus d&#8217;informations, veuillez contacter H\u00e9l\u00e8ne Barroy (pour le contenu) : barroyh@who.int et Pauline Bempong (pour la logistique) : bempongp@who.int<\/p>\n<p>L&#8217;<a href=\"https:\/\/www.pfm4health.net\/events\/event-details\/1\">ordre du jour d\u00e9taill\u00e9 et la logistique de la r\u00e9union<\/a> sont d\u00e9sormais disponibles sur le site <a class=\"defaultMailLink\" href=\"http:\/\/www.pfm4health.net\/\" target=\"_blank\" rel=\"noopener noreferrer\" data-ik=\"ik-secure\">www.pfm4health.net<\/a>.<\/p>\n<p>&nbsp;<\/p>\n<p>[\/et_pb_text][\/et_pb_column][\/et_pb_row][\/et_pb_section]<\/p>\n","protected":false},"excerpt":{"rendered":"<p>13-17 novembre | Eden Hotel \u00e0 Montreux, Suisse Th\u00e8me : Ajuster la gestion des finances publiques (GFP) pour am\u00e9liorer la sant\u00e9 : de nouvelles preuves pour fa\u00e7onner les r\u00e9formes de la prochaine g\u00e9n\u00e9ration Le rapport de la r\u00e9union du groupe de travail de Montreux de cette ann\u00e9e sur l&#8217;espace fiscal, la gestion des finances publiques&#8230;<\/p>\n","protected":false},"author":559,"featured_media":987665311,"comment_status":"closed","ping_status":"closed","template":"","meta":{"_et_pb_use_builder":"on","_et_pb_old_content":"","_et_gb_content_width":""},"categories":[2386],"tags":[2833],"acf":[],"_links":{"self":[{"href":"https:\/\/p4h.world\/fr\/wp-json\/wp\/v2\/news\/987650018"}],"collection":[{"href":"https:\/\/p4h.world\/fr\/wp-json\/wp\/v2\/news"}],"about":[{"href":"https:\/\/p4h.world\/fr\/wp-json\/wp\/v2\/types\/news"}],"author":[{"embeddable":true,"href":"https:\/\/p4h.world\/fr\/wp-json\/wp\/v2\/users\/559"}],"replies":[{"embeddable":true,"href":"https:\/\/p4h.world\/fr\/wp-json\/wp\/v2\/comments?post=987650018"}],"version-history":[{"count":18,"href":"https:\/\/p4h.world\/fr\/wp-json\/wp\/v2\/news\/987650018\/revisions"}],"predecessor-version":[{"id":987676402,"href":"https:\/\/p4h.world\/fr\/wp-json\/wp\/v2\/news\/987650018\/revisions\/987676402"}],"wp:featuredmedia":[{"embeddable":true,"href":"https:\/\/p4h.world\/fr\/wp-json\/wp\/v2\/media\/987665311"}],"wp:attachment":[{"href":"https:\/\/p4h.world\/fr\/wp-json\/wp\/v2\/media?parent=987650018"}],"wp:term":[{"taxonomy":"category","embeddable":true,"href":"https:\/\/p4h.world\/fr\/wp-json\/wp\/v2\/categories?post=987650018"},{"taxonomy":"post_tag","embeddable":true,"href":"https:\/\/p4h.world\/fr\/wp-json\/wp\/v2\/tags?post=987650018"}],"curies":[{"name":"wp","href":"https:\/\/api.w.org\/{rel}","templated":true}]}}