{"id":987650123,"date":"2023-06-14T16:09:38","date_gmt":"2023-06-14T15:09:38","guid":{"rendered":"https:\/\/p4h.world\/news\/le-fonds-estonien-dassurance-maladie-a-change-de-nom-passant-de-fonds-de-maladie-a-fonds-de-sante\/"},"modified":"2023-10-02T16:54:48","modified_gmt":"2023-10-02T15:54:48","slug":"le-fonds-estonien-dassurance-maladie-a-change-de-nom-passant-de-fonds-de-maladie-a-fonds-de-sante","status":"publish","type":"news","link":"https:\/\/p4h.world\/fr\/news\/le-fonds-estonien-dassurance-maladie-a-change-de-nom-passant-de-fonds-de-maladie-a-fonds-de-sante\/","title":{"rendered":"Le fonds estonien d&#8217;assurance maladie a chang\u00e9 de nom, passant de &#8220;fonds de maladie&#8221; \u00e0 &#8220;fonds de sant\u00e9&#8221;."},"content":{"rendered":"<p>[et_pb_section fb_built=&#8221;1&#8243; admin_label=&#8221;! !! NE PAS MODIFIER ! !!&#8221; _builder_version=&#8221;4.19.5&#8243; _module_preset=&#8221;default&#8221; global_colors_info=&#8221;{}&#8221;][et_pb_row admin_label=&#8221;!!! PLEASE DO NOT EDIT !!!&#8221; _builder_version=&#8221;4.19.5&#8243; _module_preset=&#8221;default&#8221; global_colors_info=&#8221;{}&#8221;][et_pb_column type=&#8221;4_4&#8243; _builder_version=&#8221;4.19.5&#8243; _module_preset=&#8221;default&#8221; global_colors_info=&#8221;{}&#8221;][et_pb_text admin_label=&#8221;TO BE EDITED &#8211; SUMMARY &#8211; Click on the WHEEL icon to open the textarea where you can paste or type your summary.  Summary should be in bold and 250-300 characters. The counter at the bottom can help.&#8221; _builder_version=&#8221;4.21.0&#8243; _module_preset=&#8221;default&#8221; custom_padding=&#8221;||20px||false|false&#8221; global_colors_info=&#8221;{}&#8221;]<\/p>\n<p class=\"page-title\"><strong>Le changement du <span class=\"field field--name-title field--type-string field--label-hidden\">nom estonien de la Caisse d&#8217;assurance maladie de Haigekassa \u00e0 Tervisekassa est un changement de cap n\u00e9cessaire dans notre syst\u00e8me de sant\u00e9<\/span>, d\u00e9clare Rain Laane, directeur de la Caisse d&#8217;assurance maladie.<\/strong><\/p>\n<p>[\/et_pb_text][et_pb_text admin_label=&#8221;TO BE EDITED &#8211; TEXT OF THE NEWS &#8211; Click on the WHEEL icon to open the textarea where you can paste or type your news. PLEASE USE THE USE ONLY THE FEATURED IMAGE FUNCTION on your right column to add the image.&#8221; _builder_version=&#8221;4.21.0&#8243; _module_preset=&#8221;default&#8221; global_colors_info=&#8221;{}&#8221;]<\/p>\n<div class=\"et_pb_module et_pb_text et_pb_text_0 et_pb_text_align_left et_pb_bg_layout_light\">\n<div class=\"et_pb_text_inner\">\n<p>Ces derni\u00e8res ann\u00e9es, le Fonds d&#8217;assurance maladie a consacr\u00e9 de plus en plus de fonds \u00e0 la pr\u00e9vention des maladies et \u00e0 la promotion de la sant\u00e9. Par exemple, le d\u00e9pistage du cancer, le suivi des maladies chroniques, les soins de sant\u00e9 \u00e0 l&#8217;\u00e9cole et les examens pour les enfants et leurs parents ont \u00e9t\u00e9 d\u00e9velopp\u00e9s, des vaccins gratuits contre la grippe ont \u00e9t\u00e9 distribu\u00e9s et l&#8217;accent a \u00e9t\u00e9 mis sur le d\u00e9veloppement de parcours de soins int\u00e9gr\u00e9s et de solutions \u00e9lectroniques.<\/p>\n<\/div>\n<\/div>\n<div class=\"et_pb_module et_pb_text et_pb_text_1 et_pb_text_align_left et_pb_bg_layout_light\">\n<div class=\"et_pb_text_inner\">\n<p>&#8220;Le changement de nom du Fonds d&#8217;assurance maladie a suscit\u00e9 des questions et une certaine confusion, mais nous pensons qu&#8217;il s&#8217;agit d&#8217;un changement fondamental et n\u00e9cessaire dans les soins de sant\u00e9 estoniens. Le changement de nom est li\u00e9 \u00e0 l&#8217;objectif de mettre l&#8217;accent sur le r\u00e9sultat final de nos activit\u00e9s &#8211; le maintien et le r\u00e9tablissement de notre sant\u00e9. Le Fonds d&#8217;assurance maladie n&#8217;est pas un payeur passif de factures de traitement, mais soutient au contraire la fourniture de services de sant\u00e9 et leur paiement d&#8217;une mani\u00e8re globale et centr\u00e9e sur la personne, en valorisant les r\u00e9sultats en mati\u00e8re de sant\u00e9&#8221;, a d\u00e9clar\u00e9 le ministre de la sant\u00e9.  <a href=\"https:\/\/www.tervisekassa.ee\/en\/uudised\/change-estonian-name-health-insurance-fund-haigekassa-tervisekassa-necessary-change\">a d\u00e9clar\u00e9<\/a> <strong>Rain Laane<\/strong>, directeur de la caisse d&#8217;assurance maladie.<\/p>\n<p>&#8220;En r\u00e9sum\u00e9, nous nous concentrons de plus en plus sur les moyens de faire en sorte que les gens restent en bonne sant\u00e9 plus longtemps, qu&#8217;ils se sentent bien et qu&#8217;ils aient moins besoin de l&#8217;attention des m\u00e9decins ou qu&#8217;ils le fassent de plus en plus tard. Dans le m\u00eame temps, les travaux se poursuivent pour trouver des solutions aux p\u00e9nuries de ressources qui existent d\u00e9j\u00e0 dans les soins de sant\u00e9. Ceci afin qu&#8217;\u00e0 l&#8217;avenir, il soit possible d&#8217;assurer des soins m\u00e9dicaux de haute qualit\u00e9 et en temps opportun pour tous les habitants de l&#8217;Estonie, financ\u00e9s par des fonds fiscaux communs. Mais en tant que soci\u00e9t\u00e9, nous devons \u00e9galement prendre conscience que la responsabilit\u00e9 de la sant\u00e9 n&#8217;incombe pas seulement au m\u00e9decin ou \u00e0 la caisse d&#8217;assurance maladie, mais qu&#8217;elle commence avec chacun d&#8217;entre nous. Nous avons la libert\u00e9 de consommer, de manger et de travailler, mais aussi la responsabilit\u00e9 de faire tout cela de mani\u00e8re \u00e0 ce que notre sant\u00e9 reste bonne m\u00eame dans les d\u00e9cennies \u00e0 venir&#8221;, a d\u00e9clar\u00e9 Mme Laane.<\/p>\n<p>Au fil des ans, l&#8217;accent a \u00e9t\u00e9 mis sur la d\u00e9tection pr\u00e9coce des probl\u00e8mes de sant\u00e9 et la pr\u00e9vention des dommages sanitaires. Le nom estonien du fonds d&#8217;assurance maladie &#8211; Tervisekassa &#8211; \u00e9tait d\u00e9j\u00e0 \u00e0 l&#8217;\u00e9tude lors de la mise en place du syst\u00e8me d&#8217;assurance maladie en 1990-1991, mais \u00e0 l&#8217;\u00e9poque, il a \u00e9t\u00e9 d\u00e9cid\u00e9 d&#8217;opter pour le nom &#8220;haigekassa&#8221;, qui avait \u00e9t\u00e9 historiquement utilis\u00e9 auparavant. 30 ans plus tard, nous adopterons un nom qui souligne les r\u00e9sultats du travail de l&#8217;institution&#8221;, a-t-il ajout\u00e9.<\/p>\n<\/div>\n<\/div>\n<p>[\/et_pb_text][\/et_pb_column][\/et_pb_row][\/et_pb_section]<\/p>\n","protected":false},"excerpt":{"rendered":"<p>Le changement du nom estonien de la Caisse d&#8217;assurance maladie de Haigekassa \u00e0 Tervisekassa est un changement de cap n\u00e9cessaire dans notre syst\u00e8me de sant\u00e9, d\u00e9clare Rain Laane, directeur de la Caisse d&#8217;assurance maladie. Ces derni\u00e8res ann\u00e9es, le Fonds d&#8217;assurance maladie a consacr\u00e9 de plus en plus de fonds \u00e0 la pr\u00e9vention des maladies et&#8230;<\/p>\n","protected":false},"author":559,"featured_media":987641058,"comment_status":"closed","ping_status":"closed","template":"","meta":{"_et_pb_use_builder":"on","_et_pb_old_content":"","_et_gb_content_width":""},"categories":[],"tags":[2454,2437,2833],"acf":[],"_links":{"self":[{"href":"https:\/\/p4h.world\/fr\/wp-json\/wp\/v2\/news\/987650123"}],"collection":[{"href":"https:\/\/p4h.world\/fr\/wp-json\/wp\/v2\/news"}],"about":[{"href":"https:\/\/p4h.world\/fr\/wp-json\/wp\/v2\/types\/news"}],"author":[{"embeddable":true,"href":"https:\/\/p4h.world\/fr\/wp-json\/wp\/v2\/users\/559"}],"replies":[{"embeddable":true,"href":"https:\/\/p4h.world\/fr\/wp-json\/wp\/v2\/comments?post=987650123"}],"version-history":[{"count":1,"href":"https:\/\/p4h.world\/fr\/wp-json\/wp\/v2\/news\/987650123\/revisions"}],"predecessor-version":[{"id":987650148,"href":"https:\/\/p4h.world\/fr\/wp-json\/wp\/v2\/news\/987650123\/revisions\/987650148"}],"wp:featuredmedia":[{"embeddable":true,"href":"https:\/\/p4h.world\/fr\/wp-json\/wp\/v2\/media\/987641058"}],"wp:attachment":[{"href":"https:\/\/p4h.world\/fr\/wp-json\/wp\/v2\/media?parent=987650123"}],"wp:term":[{"taxonomy":"category","embeddable":true,"href":"https:\/\/p4h.world\/fr\/wp-json\/wp\/v2\/categories?post=987650123"},{"taxonomy":"post_tag","embeddable":true,"href":"https:\/\/p4h.world\/fr\/wp-json\/wp\/v2\/tags?post=987650123"}],"curies":[{"name":"wp","href":"https:\/\/api.w.org\/{rel}","templated":true}]}}