{"id":987650290,"date":"2023-03-02T11:09:06","date_gmt":"2023-03-02T10:09:06","guid":{"rendered":"https:\/\/p4h.world\/news\/interet-du-gfatm-pour-devenir-membre-de-p4h-en-vue-dune-collaboration-thematique\/"},"modified":"2024-08-27T12:35:36","modified_gmt":"2024-08-27T11:35:36","slug":"interet-du-gfatm-pour-devenir-membre-de-p4h-en-vue-dune-collaboration-thematique","status":"publish","type":"news","link":"https:\/\/p4h.world\/fr\/news\/interet-du-gfatm-pour-devenir-membre-de-p4h-en-vue-dune-collaboration-thematique\/","title":{"rendered":"Le Fonds mondial de lutte contre le sida, la tuberculose et le paludisme souhaite devenir membre de P4H."},"content":{"rendered":"<p>[et_pb_section fb_built=&#8221;1&#8243; _builder_version=&#8221;4.16&#8243; global_colors_info=&#8221;{}&#8221;][et_pb_row _builder_version=&#8221;4.16&#8243; background_size=&#8221;initial&#8221; background_position=&#8221;top_left&#8221; background_repeat=&#8221;repeat&#8221; global_colors_info=&#8221;{}&#8221;][et_pb_column type=&#8221;4_4&#8243; _builder_version=&#8221;4.16&#8243; custom_padding=&#8221;|||&#8221; global_colors_info=&#8221;{}&#8221; custom_padding__hover=&#8221;|||&#8221;][et_pb_text _builder_version=&#8221;4.21.0&#8243; background_size=&#8221;initial&#8221; background_position=&#8221;top_left&#8221; background_repeat=&#8221;repeat&#8221; global_colors_info=&#8221;{}&#8221;]<\/p>\n<p>Courrier de Christoph Benn (Fonds mondial) \u00e0 David Evans (OMS, P4H-SG) le 19 mars 2014<\/p>\n<p>&#8211; &#8211; &#8211;<\/p>\n<p>Cher David,<\/p>\n<p>J&#8217;ai eu le plaisir de participer \u00e0 la conf\u00e9rence t\u00e9l\u00e9phonique avec vous en d\u00e9but de semaine. Je vous \u00e9cris aujourd&#8217;hui pour vous faire part de l&#8217;int\u00e9r\u00eat du Fonds mondial \u00e0 devenir un &#8220;membre de collaboration th\u00e9matique&#8221; du r\u00e9seau P4H. J&#8217;ai suivi l&#8217;important travail de l&#8217;initiative P4H depuis sa cr\u00e9ation en 2007 et nous pensons qu&#8217;il serait dans notre int\u00e9r\u00eat mutuel de devenir officiellement membre du r\u00e9seau.<\/p>\n<p>Faites-moi savoir si d&#8217;autres d\u00e9marches sont n\u00e9cessaires. Par ailleurs, nous nous r\u00e9jouissons de travailler avec vous et votre \u00e9quipe sur le th\u00e8me essentiel de la protection de la sant\u00e9.<\/p>\n<p>Meilleures salutations,<br \/>Christoph<\/p>\n<p style=\"font-weight: 400;\">Christoph Benn<br \/>Directeur des relations ext\u00e9rieures<br \/>Fonds mondial de lutte contre le sida, la tuberculose et le paludisme<\/p>\n<p>[\/et_pb_text][\/et_pb_column][\/et_pb_row][\/et_pb_section]<\/p>\n","protected":false},"excerpt":{"rendered":"<p>Courrier de Christoph Benn (Fonds mondial) \u00e0 David Evans (OMS, P4H-SG) le 19 mars 2014 &#8211; &#8211; &#8211; Cher David, J&#8217;ai eu le plaisir de participer \u00e0 la conf\u00e9rence t\u00e9l\u00e9phonique avec vous en d\u00e9but de semaine. Je vous \u00e9cris aujourd&#8217;hui pour vous faire part de l&#8217;int\u00e9r\u00eat du Fonds mondial \u00e0 devenir un &#8220;membre de collaboration&#8230;<\/p>\n","protected":false},"author":1362,"featured_media":0,"comment_status":"closed","ping_status":"closed","template":"","meta":{"_et_pb_use_builder":"on","_et_pb_old_content":"","_et_gb_content_width":""},"categories":[2431],"tags":[],"acf":[],"_links":{"self":[{"href":"https:\/\/p4h.world\/fr\/wp-json\/wp\/v2\/news\/987650290"}],"collection":[{"href":"https:\/\/p4h.world\/fr\/wp-json\/wp\/v2\/news"}],"about":[{"href":"https:\/\/p4h.world\/fr\/wp-json\/wp\/v2\/types\/news"}],"author":[{"embeddable":true,"href":"https:\/\/p4h.world\/fr\/wp-json\/wp\/v2\/users\/1362"}],"replies":[{"embeddable":true,"href":"https:\/\/p4h.world\/fr\/wp-json\/wp\/v2\/comments?post=987650290"}],"version-history":[{"count":6,"href":"https:\/\/p4h.world\/fr\/wp-json\/wp\/v2\/news\/987650290\/revisions"}],"predecessor-version":[{"id":987715164,"href":"https:\/\/p4h.world\/fr\/wp-json\/wp\/v2\/news\/987650290\/revisions\/987715164"}],"wp:attachment":[{"href":"https:\/\/p4h.world\/fr\/wp-json\/wp\/v2\/media?parent=987650290"}],"wp:term":[{"taxonomy":"category","embeddable":true,"href":"https:\/\/p4h.world\/fr\/wp-json\/wp\/v2\/categories?post=987650290"},{"taxonomy":"post_tag","embeddable":true,"href":"https:\/\/p4h.world\/fr\/wp-json\/wp\/v2\/tags?post=987650290"}],"curies":[{"name":"wp","href":"https:\/\/api.w.org\/{rel}","templated":true}]}}