{"id":987655153,"date":"2020-07-30T05:47:35","date_gmt":"2020-07-30T04:47:35","guid":{"rendered":"https:\/\/p4h.world\/news\/les-consultations-sur-la-revision-de-la-loi-sur-lassurance-maladie-se-poursuivent-au-viet-nam\/"},"modified":"2020-07-30T05:47:35","modified_gmt":"2020-07-30T04:47:35","slug":"les-consultations-sur-la-revision-de-la-loi-sur-lassurance-maladie-se-poursuivent-au-viet-nam","status":"publish","type":"news","link":"https:\/\/p4h.world\/fr\/news\/les-consultations-sur-la-revision-de-la-loi-sur-lassurance-maladie-se-poursuivent-au-viet-nam\/","title":{"rendered":"Les consultations sur la r\u00e9vision de la loi sur l&#8217;assurance maladie se poursuivent au Vi\u00eat Nam"},"content":{"rendered":"<p><span><span>Le deuxi\u00e8me atelier d&#8217;orientation sur la r\u00e9vision de la loi sur l&#8217;assurance maladie a eu lieu \u00e0 Hanoi le 18 octobre 2018. Dans son discours d&#8217;ouverture, son Excellence le vice-ministre de la Sant\u00e9 Pham Le Tuan a r\u00e9it\u00e9r\u00e9 l&#8217;engagement du gouvernement \u00e0 atteindre 95 % de couverture et \u00e0 r\u00e9duire les d\u00e9penses de fonctionnement \u00e0 30 % d&#8217;ici 2030, comme indiqu\u00e9 dans la r\u00e9solution n\u00b0 20 du Comit\u00e9 central (25 octobre 2017). Jusqu&#8217;\u00e0 pr\u00e9sent, le r\u00e9gime d&#8217;assurance maladie de la VSS couvre 87 % de la population.<\/span><\/span><\/p>\n<p><span><span><span>Parmi les questions cl\u00e9s discut\u00e9es, la pertinence de la cr\u00e9ation d&#8217;un ensemble de prestations suppl\u00e9mentaires, la viabilit\u00e9 financi\u00e8re du fonds, les incoh\u00e9rences et les chevauchements des instruments l\u00e9gislatifs, la r\u00e9vision n\u00e9cessaire des m\u00e9canismes de paiement des prestataires et l&#8217;extension \u00e0 la population non couverte restante ont occup\u00e9 une place pr\u00e9pond\u00e9rante.<\/span><\/span><\/span><\/p>\n<p><span><span><span>L&#8217;atelier a rassembl\u00e9 90 participants de Ha Noi : Assembl\u00e9e nationale, bureau du gouvernement, dirigeants du minist\u00e8re de la sant\u00e9, d\u00e9partements du minist\u00e8re de la sant\u00e9, autres minist\u00e8res, dirigeants de l&#8217;ESV, d\u00e9partements de l&#8217;ESV, consultants ind\u00e9pendants, organisations internationales, VCCI, VGCL, universit\u00e9s, m\u00e9dias, ainsi que 93 participants du minist\u00e8re de la sant\u00e9, de l&#8217;ESV et des h\u00f4pitaux de 31 provinces du Nord.<\/span><\/span><\/span><\/p>\n<p><span><span><span><span><span><span>La r\u00e9union \u00e9tait soutenue par le projet OIT-Lux sur l&#8217;extension de la protection sociale de la sant\u00e9 en Asie du Sud-Est et d&#8217;autres PDD y ont particip\u00e9, notamment la Banque mondiale, l&#8217;Agence japonaise de coop\u00e9ration internationale (JICA), l&#8217;Agence am\u00e9ricaine pour le d\u00e9veloppement international (USAID) et les associ\u00e9s de l&#8217;Agence allemande de coop\u00e9ration internationale.<\/span><\/span><\/span><\/span><\/span><\/span><\/p>\n","protected":false},"excerpt":{"rendered":"<p>Le deuxi\u00e8me atelier d&#8217;orientation sur la r\u00e9vision de la loi sur l&#8217;assurance maladie a eu lieu \u00e0 Hanoi le 18 octobre 2018. Dans son discours d&#8217;ouverture, son Excellence le vice-ministre de la Sant\u00e9 Pham Le Tuan a r\u00e9it\u00e9r\u00e9 l&#8217;engagement du gouvernement \u00e0 atteindre 95 % de couverture et \u00e0 r\u00e9duire les d\u00e9penses de fonctionnement \u00e0&#8230;<\/p>\n","protected":false},"author":610,"featured_media":0,"comment_status":"","ping_status":"closed","template":"","meta":{"_et_pb_use_builder":"","_et_pb_old_content":"","_et_gb_content_width":""},"categories":[],"tags":[2454],"acf":[],"_links":{"self":[{"href":"https:\/\/p4h.world\/fr\/wp-json\/wp\/v2\/news\/987655153"}],"collection":[{"href":"https:\/\/p4h.world\/fr\/wp-json\/wp\/v2\/news"}],"about":[{"href":"https:\/\/p4h.world\/fr\/wp-json\/wp\/v2\/types\/news"}],"author":[{"embeddable":true,"href":"https:\/\/p4h.world\/fr\/wp-json\/wp\/v2\/users\/610"}],"replies":[{"embeddable":true,"href":"https:\/\/p4h.world\/fr\/wp-json\/wp\/v2\/comments?post=987655153"}],"version-history":[{"count":0,"href":"https:\/\/p4h.world\/fr\/wp-json\/wp\/v2\/news\/987655153\/revisions"}],"wp:attachment":[{"href":"https:\/\/p4h.world\/fr\/wp-json\/wp\/v2\/media?parent=987655153"}],"wp:term":[{"taxonomy":"category","embeddable":true,"href":"https:\/\/p4h.world\/fr\/wp-json\/wp\/v2\/categories?post=987655153"},{"taxonomy":"post_tag","embeddable":true,"href":"https:\/\/p4h.world\/fr\/wp-json\/wp\/v2\/tags?post=987655153"}],"curies":[{"name":"wp","href":"https:\/\/api.w.org\/{rel}","templated":true}]}}