{"id":987655243,"date":"2020-07-07T05:46:53","date_gmt":"2020-07-07T04:46:53","guid":{"rendered":"https:\/\/p4h.world\/news\/defis-et-solutions-pour-proteger-le-personnel-de-sante-pendant-la-pandemie-de-covid-19-seminaire-sur-les-strategies-et-les-lecons-apprises-le-8-juillet-2020\/"},"modified":"2020-07-07T05:46:53","modified_gmt":"2020-07-07T04:46:53","slug":"defis-et-solutions-pour-proteger-le-personnel-de-sante-pendant-la-pandemie-de-covid-19-seminaire-sur-les-strategies-et-les-lecons-apprises-le-8-juillet-2020","status":"publish","type":"news","link":"https:\/\/p4h.world\/fr\/news\/defis-et-solutions-pour-proteger-le-personnel-de-sante-pendant-la-pandemie-de-covid-19-seminaire-sur-les-strategies-et-les-lecons-apprises-le-8-juillet-2020\/","title":{"rendered":"D\u00e9fis et solutions pour prot\u00e9ger le personnel de sant\u00e9 pendant la pand\u00e9mie de COVID-19 : S\u00e9minaire sur les strat\u00e9gies et les le\u00e7ons apprises le 8 juillet 2020"},"content":{"rendered":"<p><strong><em><span lang=\"EN-US\">Manifestation conjointe du groupe ACCESS TO COVID-19 TOOLS-Accelerator (ACT-A) HEALTH SYSTEMS GROUP  <\/span><\/em><\/strong><\/p>\n<blockquote>\n<p><strong><span lang=\"EN-US\"><span><span>Mercredi 08 juillet 2020 &nbsp;| 8:30am &#8211; 10:00am DC Time<\/span><\/span><\/span><\/strong><strong><em> <\/em><\/strong><\/p>\n<p><span lang=\"en\">Cliquez <a href=\"https:\/\/p4h.world\/en\/event\/challenges-and-solutions-protecting-health-workforce-during-covid-19-pandemic-strategies-and-lessons-learned\" target=\"_blank\" rel=\"noopener\">ici<\/a> pour consulter l&#8217;ordre du jour et obtenir des informations sur la mani\u00e8re de participer.<\/span><\/p>\n<\/blockquote>\n<p><strong><em><span lang=\"EN-US\"><strong><span><span><span><strong><span><span><span>Contexte<\/span><\/span><\/span><\/strong><\/span><\/span><\/span><\/strong><\/span><\/em><\/strong><\/p>\n<p><span><span>La pand\u00e9mie de COVID-19 a touch\u00e9 de mani\u00e8re disproportionn\u00e9e les travailleurs de la sant\u00e9 dans le monde entier. La p\u00e9nurie d&#8217;\u00e9quipements de protection individuelle (EPI), associ\u00e9e \u00e0 des mesures insuffisantes en mati\u00e8re de pr\u00e9vention et de contr\u00f4le des infections (IPC), d&#8217;eau, d&#8217;assainissement et d&#8217;hygi\u00e8ne (WASH) et de soutien psychosocial, a entra\u00een\u00e9 des taux \u00e9lev\u00e9s d&#8217;infection par le COVID-19 parmi les travailleurs de la sant\u00e9, ainsi qu&#8217;une augmentation des cas de violence et de stigmatisation \u00e0 l&#8217;encontre des travailleurs de la sant\u00e9. Le taux \u00e9lev\u00e9 d&#8217;infection parmi les travailleurs de la sant\u00e9 a \u00e9puis\u00e9 le personnel de sant\u00e9 dans de nombreux pays et a entra\u00een\u00e9 des perturbations dans la fourniture de services de sant\u00e9 essentiels.  <\/span><\/span><\/p>\n<p><strong><span><span><span>Objectif du s\u00e9minaire<\/span><\/span><\/span><\/strong><\/p>\n<p><span><span>L&#8217;objectif du s\u00e9minaire est de lancer une discussion sur les d\u00e9fis et les solutions pour prot\u00e9ger le personnel de sant\u00e9 dans le cadre de la pand\u00e9mie actuelle de COVID-19. La session discutera des outils COVID-19 et des le\u00e7ons tir\u00e9es de la protection des travailleurs de la sant\u00e9 pendant la pand\u00e9mie &#8211; y compris les le\u00e7ons sur la distribution et l&#8217;utilisation de l&#8217;EPI pour les travailleurs de la sant\u00e9, l&#8217;int\u00e9gration des strat\u00e9gies WASH et IPC dans les \u00e9tablissements de sant\u00e9, la mise en \u0153uvre de syst\u00e8mes de protection financi\u00e8re pour les travailleurs de la sant\u00e9, le soutien psychosocial ainsi que d&#8217;autres besoins op\u00e9rationnels et de formation pour prot\u00e9ger le personnel de la sant\u00e9.  <\/span><\/span><\/p>\n<blockquote>\n<p><strong><span><span><span>Facilitateurs :<\/span><\/span><\/span><\/strong><\/p>\n<p><span><strong><span><span><span>Feng Zhao,  <\/span><\/span><\/span><\/strong><span><span><span><em><span><span>Gestionnaire de pratique, HNP, <em><br \/>\n  <span><br \/>\n    <span>Engagement mondial <em><span><span>GBM <\/span><\/span><\/em><\/span><br \/>\n  <\/span><br \/>\n<\/em> <\/span><\/span><\/em><\/span><\/span><\/span><\/span><\/p>\n<p><strong><br \/>\n  <span><br \/>\n    <span><br \/>\n      <span>Marijke Wijnroks, <\/span><br \/>\n    <\/span><br \/>\n  <\/span><br \/>\n<\/strong><span><br \/>\n  <span><br \/>\n    <span><br \/>\n      <em><br \/>\n        <span><br \/>\n          <span>Chef de cabinet, Fonds mondial<\/span><br \/>\n        <\/span><br \/>\n      <\/em><br \/>\n    <\/span><br \/>\n  <\/span><br \/>\n<\/span><\/p>\n<p><strong><br \/>\n  <span><br \/>\n    <span><br \/>\n      <span>Agn\u00e8s Soucat, <\/span><br \/>\n    <\/span><br \/>\n  <\/span><br \/>\n<\/strong><span><br \/>\n  <span><br \/>\n    <span><br \/>\n      <em><br \/>\n        <span><br \/>\n          <span>Directrice de la gouvernance et du financement des syst\u00e8mes de sant\u00e9, OMS<\/span><br \/>\n        <\/span><br \/>\n      <\/em><br \/>\n    <\/span><br \/>\n  <\/span><br \/>\n<\/span><\/p>\n<\/blockquote>\n","protected":false},"excerpt":{"rendered":"<p>Manifestation conjointe du groupe ACCESS TO COVID-19 TOOLS-Accelerator (ACT-A) HEALTH SYSTEMS GROUP Mercredi 08 juillet 2020 &nbsp;| 8:30am &#8211; 10:00am DC Time Cliquez ici pour consulter l&#8217;ordre du jour et obtenir des informations sur la mani\u00e8re de participer. Contexte La pand\u00e9mie de COVID-19 a touch\u00e9 de mani\u00e8re disproportionn\u00e9e les travailleurs de la sant\u00e9 dans le&#8230;<\/p>\n","protected":false},"author":848,"featured_media":0,"comment_status":"","ping_status":"closed","template":"","meta":{"_et_pb_use_builder":"","_et_pb_old_content":"","_et_gb_content_width":""},"categories":[],"tags":[2433],"acf":[],"_links":{"self":[{"href":"https:\/\/p4h.world\/fr\/wp-json\/wp\/v2\/news\/987655243"}],"collection":[{"href":"https:\/\/p4h.world\/fr\/wp-json\/wp\/v2\/news"}],"about":[{"href":"https:\/\/p4h.world\/fr\/wp-json\/wp\/v2\/types\/news"}],"author":[{"embeddable":true,"href":"https:\/\/p4h.world\/fr\/wp-json\/wp\/v2\/users\/848"}],"replies":[{"embeddable":true,"href":"https:\/\/p4h.world\/fr\/wp-json\/wp\/v2\/comments?post=987655243"}],"version-history":[{"count":0,"href":"https:\/\/p4h.world\/fr\/wp-json\/wp\/v2\/news\/987655243\/revisions"}],"wp:attachment":[{"href":"https:\/\/p4h.world\/fr\/wp-json\/wp\/v2\/media?parent=987655243"}],"wp:term":[{"taxonomy":"category","embeddable":true,"href":"https:\/\/p4h.world\/fr\/wp-json\/wp\/v2\/categories?post=987655243"},{"taxonomy":"post_tag","embeddable":true,"href":"https:\/\/p4h.world\/fr\/wp-json\/wp\/v2\/tags?post=987655243"}],"curies":[{"name":"wp","href":"https:\/\/api.w.org\/{rel}","templated":true}]}}