{"id":987655363,"date":"2018-09-04T05:47:58","date_gmt":"2018-09-04T04:47:58","guid":{"rendered":"https:\/\/p4h.world\/news\/le-mozambique-envisage-de-reglementer-les-frais-dutilisation-dans-les-hopitaux-et-de-mettre-en-place-une-assurance-maladie-nationale\/"},"modified":"2018-09-04T05:47:58","modified_gmt":"2018-09-04T04:47:58","slug":"le-mozambique-envisage-de-reglementer-les-frais-dutilisation-dans-les-hopitaux-et-de-mettre-en-place-une-assurance-maladie-nationale","status":"publish","type":"news","link":"https:\/\/p4h.world\/fr\/news\/le-mozambique-envisage-de-reglementer-les-frais-dutilisation-dans-les-hopitaux-et-de-mettre-en-place-une-assurance-maladie-nationale\/","title":{"rendered":"Le Mozambique envisage de r\u00e9glementer les frais d&#8217;utilisation dans les h\u00f4pitaux et de mettre en place une assurance maladie nationale."},"content":{"rendered":"<p>Le gouvernement mozambicain envisage l&#8217;introduction d&#8217;une assurance maladie sociale et la r\u00e9glementation des tarifs pratiqu\u00e9s par les h\u00f4pitaux dans le cadre de la strat\u00e9gie de financement du secteur, a annonc\u00e9 une source gouvernementale.<\/p>\n<p>Ces id\u00e9es ont \u00e9t\u00e9 pr\u00e9sent\u00e9es mercredi par Daniel Simone Nhachengo, chef du d\u00e9partement de planification du minist\u00e8re de la sant\u00e9, lors d&#8217;une conf\u00e9rence sur le secteur \u00e0 Maputo, cit\u00e9 aujourd&#8217;hui par le journal Noticias.<\/p>\n<p>Cette strat\u00e9gie devrait permettre d&#8217;am\u00e9liorer la gestion des ressources et la qualit\u00e9 du service public, a-t-il d\u00e9clar\u00e9.<\/p>\n<p>Abordant ces questions lors d&#8217;une pr\u00e9sentation \u00e0 l&#8217;occasion de l&#8217;\u00e9v\u00e9nement, M. Nhachengo a \u00e9galement soulign\u00e9 qu&#8217;une plus grande viabilit\u00e9 financi\u00e8re \u00e9tait une priorit\u00e9 pour le secteur.<\/p>\n<p>Le budget de l&#8217;\u00c9tat de cette ann\u00e9e propose de financer 86 % des d\u00e9penses du secteur de la sant\u00e9, dont une partie n&#8217;a pas \u00e9t\u00e9 incluse dans le document. Les donateurs contribueraient \u00e0 66 % des ressources d&#8217;investissement, selon une analyse du Fonds des Nations unies pour l&#8217;enfance (UNICEF) \u00e0 la fin de l&#8217;ann\u00e9e 2017.<\/p>\n<p>&#8220;En 2016, les donateurs repr\u00e9sentaient 84 % des d\u00e9penses d&#8217;investissement, alors qu&#8217;il y a dix ans, ils en fournissaient 93 %&#8221;, ajoute-t-il.<\/p>\n<p>&nbsp;<\/p>\n<p>Lien direct vers la nouvelle : http:\/\/clubofmozambique.com\/news\/mozambique-mulls-social-health-insurance-regulating-hospital-fees\/<\/p>\n","protected":false},"excerpt":{"rendered":"<p>Le gouvernement mozambicain envisage l&#8217;introduction d&#8217;une assurance maladie sociale et la r\u00e9glementation des tarifs pratiqu\u00e9s par les h\u00f4pitaux dans le cadre de la strat\u00e9gie de financement du secteur, a annonc\u00e9 une source gouvernementale. Ces id\u00e9es ont \u00e9t\u00e9 pr\u00e9sent\u00e9es mercredi par Daniel Simone Nhachengo, chef du d\u00e9partement de planification du minist\u00e8re de la sant\u00e9, lors d&#8217;une&#8230;<\/p>\n","protected":false},"author":489,"featured_media":0,"comment_status":"","ping_status":"closed","template":"","meta":{"_et_pb_use_builder":"","_et_pb_old_content":"","_et_gb_content_width":""},"categories":[],"tags":[2454],"acf":[],"_links":{"self":[{"href":"https:\/\/p4h.world\/fr\/wp-json\/wp\/v2\/news\/987655363"}],"collection":[{"href":"https:\/\/p4h.world\/fr\/wp-json\/wp\/v2\/news"}],"about":[{"href":"https:\/\/p4h.world\/fr\/wp-json\/wp\/v2\/types\/news"}],"author":[{"embeddable":true,"href":"https:\/\/p4h.world\/fr\/wp-json\/wp\/v2\/users\/489"}],"replies":[{"embeddable":true,"href":"https:\/\/p4h.world\/fr\/wp-json\/wp\/v2\/comments?post=987655363"}],"version-history":[{"count":0,"href":"https:\/\/p4h.world\/fr\/wp-json\/wp\/v2\/news\/987655363\/revisions"}],"wp:attachment":[{"href":"https:\/\/p4h.world\/fr\/wp-json\/wp\/v2\/media?parent=987655363"}],"wp:term":[{"taxonomy":"category","embeddable":true,"href":"https:\/\/p4h.world\/fr\/wp-json\/wp\/v2\/categories?post=987655363"},{"taxonomy":"post_tag","embeddable":true,"href":"https:\/\/p4h.world\/fr\/wp-json\/wp\/v2\/tags?post=987655363"}],"curies":[{"name":"wp","href":"https:\/\/api.w.org\/{rel}","templated":true}]}}