{"id":987655368,"date":"2018-04-27T05:48:04","date_gmt":"2018-04-27T04:48:04","guid":{"rendered":"https:\/\/p4h.world\/news\/les-questions-de-cooperation-entre-les-pays-de-la-cei-et-loms-ont-ete-discutees-a-astana\/"},"modified":"2018-04-27T05:48:04","modified_gmt":"2018-04-27T04:48:04","slug":"les-questions-de-cooperation-entre-les-pays-de-la-cei-et-loms-ont-ete-discutees-a-astana","status":"publish","type":"news","link":"https:\/\/p4h.world\/fr\/news\/les-questions-de-cooperation-entre-les-pays-de-la-cei-et-loms-ont-ete-discutees-a-astana\/","title":{"rendered":"Les questions de coop\u00e9ration entre les pays de la CEI et l&#8217;OMS ont \u00e9t\u00e9 discut\u00e9es \u00e0 Astana."},"content":{"rendered":"<p><span><span><strong><span lang=\"EN-US\"><span><span>Une r\u00e9union d&#8217;interaction entre la Commission inter\u00e9tatique des \u00c9tats membres de la CEI et l&#8217;Organisation mondiale de la sant\u00e9 s&#8217;est tenue aujourd&#8217;hui \u00e0 Astana.<\/span><\/span><\/span><\/strong><\/span><\/span><\/p>\n<p>&nbsp;<\/p>\n<p><span><span><span lang=\"EN-US\"><span><span>Les repr\u00e9sentants des \u00c9tats membres de la CEI, de l&#8217;Organisation mondiale de la sant\u00e9, du minist\u00e8re de la sant\u00e9, du Centre r\u00e9publicain pour le d\u00e9veloppement de la sant\u00e9, ainsi que de la Suisse et de la Turquie ont particip\u00e9 \u00e0 la session.  <\/span><\/span><\/span><\/span><\/span><\/p>\n<p><span><span><span lang=\"EN-US\"><span><span>La session a examin\u00e9 les propositions des \u00c9tats membres de la CEI concernant les r\u00e9solutions de la 71e Assembl\u00e9e mondiale de la sant\u00e9 et le projet de 13e programme de travail g\u00e9n\u00e9ral pour 2019-2023.<\/span><\/span><\/span><\/span><\/span><\/p>\n<p><span><span><span lang=\"EN-US\"><span><span>Le projet de programme de travail g\u00e9n\u00e9ral servira de guide pour les progr\u00e8s en cours dans les priorit\u00e9s strat\u00e9giques, pour le d\u00e9veloppement des plans de mise en \u0153uvre, pour le budget du programme et pour le syst\u00e8me des r\u00e9sultats et les plans op\u00e9rationnels&nbsp; pour chaque exercice biennal, comme l&#8217;ont not\u00e9 les participants \u00e0 la r\u00e9union.<\/span><\/span><\/span><\/span><\/span><\/p>\n<p><span><span><span lang=\"EN-US\"><span><span>En outre, le Dr <strong><br \/>\n  <u>Dorjsuren Bayarsaikhan<\/u><br \/>\n<\/strong>conseiller principal en syst\u00e8mes de sant\u00e9, P4H, d\u00e9partement Gouvernance et finances des syst\u00e8mes de sant\u00e9, OMS Gen\u00e8ve, a particip\u00e9 \u00e0 la r\u00e9union. Il a pr\u00e9sent\u00e9 P4H comme un r\u00e9seau mondial de partenaires travaillant sur le financement de la sant\u00e9 et la protection sociale de la sant\u00e9 pour la sant\u00e9 universelle. Il a pr\u00e9sent\u00e9 les opportunit\u00e9s de collaborations mondiales, r\u00e9gionales et nationales de P4H ainsi que les questions op\u00e9rationnelles du r\u00e9seau, y compris l&#8217;extension du travail de P4H au Kazakhstan et \u00e0 d&#8217;autres pays d&#8217;Asie et de la CEI, tels que la Russie et le Belarus.&nbsp; <\/span><\/span><\/span><\/span><\/span><\/p>\n<p><span><span><span lang=\"EN-US\"><span><span>Il a \u00e9t\u00e9 not\u00e9 que la R\u00e9publique du Kazakhstan et le Centre r\u00e9publicain pour le d\u00e9veloppement de la sant\u00e9 (RCHD) ont rejoint P4H en septembre 2017 pour travailler ensemble au soutien et au renforcement du financement de la sant\u00e9 et de la protection sociale pour la sant\u00e9, Le RCHD est maintenant membre du groupe de pilotage du r\u00e9seau. R\u00e9cemment, P4H a lanc\u00e9 une nouvelle plateforme web qui a cr\u00e9\u00e9 un espace pour discuter et contribuer aux r\u00e9formes du financement de la sant\u00e9 et des syst\u00e8mes de protection sociale de la sant\u00e9 dans les pays membres de P4H. La plateforme permet \u00e9galement de fournir un acc\u00e8s \u00e9gal \u00e0 l&#8217;information et \u00e0 la connaissance entre les pays et un large \u00e9ventail de partenaires internationaux et d&#8217;institutions de d\u00e9veloppement.  <\/span><\/span><\/span><\/span><\/span><\/p>\n<p><span><span><span lang=\"EN-US\"><span><span>L&#8217;accent mis sur la sant\u00e9 publique universelle par ce r\u00e9seau mondial a \u00e9t\u00e9 bien not\u00e9 par les pays participants de la CEI, qui y ont vu une question d&#8217;importance strat\u00e9gique pour la coop\u00e9ration avec le r\u00e9seau.  <\/span><\/span><\/span><\/span><\/span><\/p>\n<p><span><span><span lang=\"EN-US\"><span><span>En plus de ce qui pr\u00e9c\u00e8de, les questions relatives au d\u00e9veloppement des soins de sant\u00e9 primaires ont \u00e9t\u00e9 examin\u00e9es lors de la session. Actuellement, le projet &#8220;Int\u00e9gration des services de sant\u00e9 autour des besoins du patient&#8221; est mis en \u0153uvre par le minist\u00e8re de la sant\u00e9 dans le cadre de l&#8217;approche de projet des agences gouvernementales.<\/span><\/span><\/span><\/span><\/span><\/p>\n<p><span><span><span lang=\"EN-US\"><span><span>Le Kazakhstan r\u00e9oriente les soins de sant\u00e9 primaires vers le maintien de la sant\u00e9 publique et la participation active des citoyens \u00e0 la gestion de leur sant\u00e9.&nbsp;  Le Kazakhstan a d\u00e9velopp\u00e9 un concept national de soins primaires.  <\/span><\/span><\/span><\/span><\/span><\/p>\n<p><span><span><span lang=\"EN-US\"><span><span>Les participants ont \u00e9galement not\u00e9 l&#8217;importance des approches de l&#8217;organisation des soins de sant\u00e9 primaires, \u00e9tablies par la c\u00e9l\u00e8bre d\u00e9claration d&#8217;Alma-Ata de l&#8217;OMS.<\/span><\/span><\/span><\/span><\/span><\/p>\n<p><span><span><span lang=\"EN-US\"><span><span>Les participants ont \u00e9galement discut\u00e9 de la coop\u00e9ration des pays dans le domaine des r\u00e9formes du financement de la sant\u00e9, de l&#8217;introduction du syst\u00e8me de comptabilit\u00e9 nationale et de l&#8217;assurance maladie sociale, et de la m\u00e9decine fond\u00e9e sur des donn\u00e9es probantes.<\/span><\/span><\/span><\/span><\/span><\/p>\n","protected":false},"excerpt":{"rendered":"<p>Une r\u00e9union d&#8217;interaction entre la Commission inter\u00e9tatique des \u00c9tats membres de la CEI et l&#8217;Organisation mondiale de la sant\u00e9 s&#8217;est tenue aujourd&#8217;hui \u00e0 Astana. &nbsp; Les repr\u00e9sentants des \u00c9tats membres de la CEI, de l&#8217;Organisation mondiale de la sant\u00e9, du minist\u00e8re de la sant\u00e9, du Centre r\u00e9publicain pour le d\u00e9veloppement de la sant\u00e9, ainsi que&#8230;<\/p>\n","protected":false},"author":2003,"featured_media":0,"comment_status":"","ping_status":"closed","template":"","meta":{"_et_pb_use_builder":"","_et_pb_old_content":"","_et_gb_content_width":""},"categories":[],"tags":[2473],"acf":[],"_links":{"self":[{"href":"https:\/\/p4h.world\/fr\/wp-json\/wp\/v2\/news\/987655368"}],"collection":[{"href":"https:\/\/p4h.world\/fr\/wp-json\/wp\/v2\/news"}],"about":[{"href":"https:\/\/p4h.world\/fr\/wp-json\/wp\/v2\/types\/news"}],"author":[{"embeddable":true,"href":"https:\/\/p4h.world\/fr\/wp-json\/wp\/v2\/users\/2003"}],"replies":[{"embeddable":true,"href":"https:\/\/p4h.world\/fr\/wp-json\/wp\/v2\/comments?post=987655368"}],"version-history":[{"count":0,"href":"https:\/\/p4h.world\/fr\/wp-json\/wp\/v2\/news\/987655368\/revisions"}],"wp:attachment":[{"href":"https:\/\/p4h.world\/fr\/wp-json\/wp\/v2\/media?parent=987655368"}],"wp:term":[{"taxonomy":"category","embeddable":true,"href":"https:\/\/p4h.world\/fr\/wp-json\/wp\/v2\/categories?post=987655368"},{"taxonomy":"post_tag","embeddable":true,"href":"https:\/\/p4h.world\/fr\/wp-json\/wp\/v2\/tags?post=987655368"}],"curies":[{"name":"wp","href":"https:\/\/api.w.org\/{rel}","templated":true}]}}