{"id":987655380,"date":"2018-11-08T05:47:52","date_gmt":"2018-11-08T04:47:52","guid":{"rendered":"https:\/\/p4h.world\/news\/ladoption-de-la-declaration-dastana-est-un-evenement-historique-dans-le-domaine-de-la-sante-mondiale\/"},"modified":"2018-11-08T05:47:52","modified_gmt":"2018-11-08T04:47:52","slug":"ladoption-de-la-declaration-dastana-est-un-evenement-historique-dans-le-domaine-de-la-sante-mondiale","status":"publish","type":"news","link":"https:\/\/p4h.world\/fr\/news\/ladoption-de-la-declaration-dastana-est-un-evenement-historique-dans-le-domaine-de-la-sante-mondiale\/","title":{"rendered":"L&#8217;adoption de la d\u00e9claration d&#8217;Astana est un \u00e9v\u00e9nement historique dans le domaine de la sant\u00e9 mondiale"},"content":{"rendered":"<p><em><span lang=\"EN-US\"><span>40 ans apr\u00e8s la d\u00e9claration d&#8217;Alma-Ata sur les soins de sant\u00e9 primaires, la d\u00e9claration d&#8217;Astana pose les jalons d&#8217;une couverture sanitaire universelle.<\/span><\/span><\/em><\/p>\n<p><span lang=\"EN-US\">Des pays du monde entier ont sign\u00e9 la d\u00e9claration d&#8217;Astana, r\u00e9affirmant leur volont\u00e9 de renforcer les syst\u00e8mes de soins de sant\u00e9 primaires, \u00e9tape importante pour parvenir \u00e0 une couverture sanitaire universelle. La d\u00e9claration d&#8217;Astana confirme la d\u00e9claration historique d&#8217;Alma-Ata de 1978, o\u00f9, pour la premi\u00e8re fois, les dirigeants du monde entier se sont engag\u00e9s en faveur des soins de sant\u00e9 primaires.<\/span><\/p>\n<p><span lang=\"EN-US\">Selon le ministre de la sant\u00e9 de la R\u00e9publique du Kazakhstan, Yelzhan Birtanov, &#8220;l&#8217;adoption d&#8217;une d\u00e9claration lors de la conf\u00e9rence mondiale d&#8217;Astana donnera une nouvelle orientation au d\u00e9veloppement des soins de sant\u00e9 primaires en tant que base des syst\u00e8mes de sant\u00e9. La nouvelle d\u00e9claration refl\u00e8te l&#8217;engagement des pays, des personnes, des communaut\u00e9s de syst\u00e8mes de sant\u00e9 et des partenaires \u00e0 am\u00e9liorer la sant\u00e9 de la population gr\u00e2ce \u00e0 des soins de sant\u00e9 primaires durables&#8221;.<\/span><\/p>\n<p><span lang=\"EN-US\">&#8220;Aujourd&#8217;hui, au lieu de la sant\u00e9 pour tous, nous avons la sant\u00e9 pour certains&#8221;, a d\u00e9clar\u00e9 le Dr Tedros Adhann Gebreyesus, directeur g\u00e9n\u00e9ral de l&#8217;Organisation mondiale de la sant\u00e9 (OMS). &#8220;Nous avons tous la lourde responsabilit\u00e9 de veiller \u00e0 ce que la d\u00e9claration d&#8217;aujourd&#8217;hui sur les soins de sant\u00e9 primaires permette \u00e0 chacun de jouir de son droit fondamental \u00e0 la sant\u00e9 partout dans le monde&#8221;.<\/span><\/p>\n<p><span lang=\"EN-US\">&nbsp;La d\u00e9claration d&#8217;Astana a lieu dans le contexte d&#8217;un mouvement mondial croissant en faveur d&#8217;investissements importants dans les soins de sant\u00e9 primaires afin de garantir une couverture sanitaire universelle. Les ressources en mati\u00e8re de soins de sant\u00e9 sont principalement ax\u00e9es sur la pr\u00e9vention des maladies, plut\u00f4t que sur la mise en place d&#8217;un syst\u00e8me de soins de sant\u00e9 solide et complet &#8211; une lacune marqu\u00e9e par plusieurs urgences sanitaires ces derni\u00e8res ann\u00e9es.<\/span><\/p>\n<p><span lang=\"EN-US\">L&#8217;UNICEF et l&#8217;OMS aideront les gouvernements et la soci\u00e9t\u00e9 civile \u00e0 agir conform\u00e9ment \u00e0 la d\u00e9claration d&#8217;Astana et les inciteront \u00e0 soutenir le mouvement. L&#8217;UNICEF et l&#8217;OMS aideront \u00e9galement les pays \u00e0 examiner la mise en \u0153uvre de cette d\u00e9claration en collaboration avec d&#8217;autres partenaires.<\/span><\/p>\n<p><span lang=\"EN-US\">La d\u00e9claration d&#8217;Astana adopt\u00e9e lors de la conf\u00e9rence d\u00e9finit quatre domaines cl\u00e9s pour la poursuite des travaux :  <\/span><\/p>\n<p><span lang=\"EN-US\">(1) prendre des d\u00e9cisions politiques audacieuses pour am\u00e9liorer la sant\u00e9 de la population dans tous les domaines ;  <\/span><\/p>\n<p><span lang=\"EN-US\">(2) cr\u00e9er des soins de sant\u00e9 primaires durables ;  <\/span><\/p>\n<p><span lang=\"EN-US\">(3) responsabiliser les individus et le public ;<\/span><\/p>\n<p><span lang=\"EN-US\">(4) renforcer le soutien des parties prenantes aux politiques, strat\u00e9gies et plans nationaux.<\/span><\/p>\n","protected":false},"excerpt":{"rendered":"<p>40 ans apr\u00e8s la d\u00e9claration d&#8217;Alma-Ata sur les soins de sant\u00e9 primaires, la d\u00e9claration d&#8217;Astana pose les jalons d&#8217;une couverture sanitaire universelle. Des pays du monde entier ont sign\u00e9 la d\u00e9claration d&#8217;Astana, r\u00e9affirmant leur volont\u00e9 de renforcer les syst\u00e8mes de soins de sant\u00e9 primaires, \u00e9tape importante pour parvenir \u00e0 une couverture sanitaire universelle. La d\u00e9claration&#8230;<\/p>\n","protected":false},"author":2003,"featured_media":0,"comment_status":"","ping_status":"closed","template":"","meta":{"_et_pb_use_builder":"","_et_pb_old_content":"","_et_gb_content_width":""},"categories":[],"tags":[2473],"acf":[],"_links":{"self":[{"href":"https:\/\/p4h.world\/fr\/wp-json\/wp\/v2\/news\/987655380"}],"collection":[{"href":"https:\/\/p4h.world\/fr\/wp-json\/wp\/v2\/news"}],"about":[{"href":"https:\/\/p4h.world\/fr\/wp-json\/wp\/v2\/types\/news"}],"author":[{"embeddable":true,"href":"https:\/\/p4h.world\/fr\/wp-json\/wp\/v2\/users\/2003"}],"replies":[{"embeddable":true,"href":"https:\/\/p4h.world\/fr\/wp-json\/wp\/v2\/comments?post=987655380"}],"version-history":[{"count":0,"href":"https:\/\/p4h.world\/fr\/wp-json\/wp\/v2\/news\/987655380\/revisions"}],"wp:attachment":[{"href":"https:\/\/p4h.world\/fr\/wp-json\/wp\/v2\/media?parent=987655380"}],"wp:term":[{"taxonomy":"category","embeddable":true,"href":"https:\/\/p4h.world\/fr\/wp-json\/wp\/v2\/categories?post=987655380"},{"taxonomy":"post_tag","embeddable":true,"href":"https:\/\/p4h.world\/fr\/wp-json\/wp\/v2\/tags?post=987655380"}],"curies":[{"name":"wp","href":"https:\/\/api.w.org\/{rel}","templated":true}]}}