{"id":987655383,"date":"2018-09-17T05:47:57","date_gmt":"2018-09-17T04:47:57","guid":{"rendered":"https:\/\/p4h.world\/news\/atelier-sur-la-conception-dune-assurance-maladie-publique-et-sociale-au-mozambique\/"},"modified":"2018-09-17T05:47:57","modified_gmt":"2018-09-17T04:47:57","slug":"atelier-sur-la-conception-dune-assurance-maladie-publique-et-sociale-au-mozambique","status":"publish","type":"news","link":"https:\/\/p4h.world\/fr\/news\/atelier-sur-la-conception-dune-assurance-maladie-publique-et-sociale-au-mozambique\/","title":{"rendered":"Atelier sur la conception d&#8217;une assurance maladie publique et sociale au Mozambique"},"content":{"rendered":"<p>Un atelier interminist\u00e9riel s&#8217;est tenu \u00e0 Maputo du 12 au 14 septembre 2018, avec pour objectif d&#8217;aligner les perspectives et de commencer \u00e0 concevoir des options pour une \u00e9ventuelle assurance maladie sociale publique. Plus de 30 participants de diff\u00e9rents minist\u00e8res faisant partie du groupe interminist\u00e9riel d&#8217;assurance maladie y ont particip\u00e9.<\/p>\n<p>L&#8217;OIT a apport\u00e9 l&#8217;expertise de deux sp\u00e9cialistes renomm\u00e9s, Luis Bernardo S\u00e1enz et Jos\u00e9 Pacheco, qui ont analys\u00e9 les avantages et les inconv\u00e9nients des diff\u00e9rents mod\u00e8les d&#8217;assurance maladie. Le mod\u00e8le costaricien a \u00e9t\u00e9 largement expos\u00e9, mettant en avant une couverture de 100% de la population et 75 ans d&#8217;\u00e9volution. Une attention particuli\u00e8re a \u00e9t\u00e9 accord\u00e9e au cas du Mozambique, avec 80 % d&#8217;\u00e9conomie informelle et 50 % et un contexte d\u00e9mographique et \u00e9pid\u00e9miologique sp\u00e9cifique.<\/p>\n<p>&nbsp;<\/p>\n","protected":false},"excerpt":{"rendered":"<p>Un atelier interminist\u00e9riel s&#8217;est tenu \u00e0 Maputo du 12 au 14 septembre 2018, avec pour objectif d&#8217;aligner les perspectives et de commencer \u00e0 concevoir des options pour une \u00e9ventuelle assurance maladie sociale publique. Plus de 30 participants de diff\u00e9rents minist\u00e8res faisant partie du groupe interminist\u00e9riel d&#8217;assurance maladie y ont particip\u00e9. L&#8217;OIT a apport\u00e9 l&#8217;expertise de&#8230;<\/p>\n","protected":false},"author":489,"featured_media":0,"comment_status":"","ping_status":"closed","template":"","meta":{"_et_pb_use_builder":"","_et_pb_old_content":"","_et_gb_content_width":""},"categories":[],"tags":[2454],"acf":[],"_links":{"self":[{"href":"https:\/\/p4h.world\/fr\/wp-json\/wp\/v2\/news\/987655383"}],"collection":[{"href":"https:\/\/p4h.world\/fr\/wp-json\/wp\/v2\/news"}],"about":[{"href":"https:\/\/p4h.world\/fr\/wp-json\/wp\/v2\/types\/news"}],"author":[{"embeddable":true,"href":"https:\/\/p4h.world\/fr\/wp-json\/wp\/v2\/users\/489"}],"replies":[{"embeddable":true,"href":"https:\/\/p4h.world\/fr\/wp-json\/wp\/v2\/comments?post=987655383"}],"version-history":[{"count":0,"href":"https:\/\/p4h.world\/fr\/wp-json\/wp\/v2\/news\/987655383\/revisions"}],"wp:attachment":[{"href":"https:\/\/p4h.world\/fr\/wp-json\/wp\/v2\/media?parent=987655383"}],"wp:term":[{"taxonomy":"category","embeddable":true,"href":"https:\/\/p4h.world\/fr\/wp-json\/wp\/v2\/categories?post=987655383"},{"taxonomy":"post_tag","embeddable":true,"href":"https:\/\/p4h.world\/fr\/wp-json\/wp\/v2\/tags?post=987655383"}],"curies":[{"name":"wp","href":"https:\/\/api.w.org\/{rel}","templated":true}]}}