{"id":987655713,"date":"2021-11-08T05:46:14","date_gmt":"2021-11-08T04:46:14","guid":{"rendered":"https:\/\/p4h.world\/news\/le-timor-oriental-lance-la-campagne-de-vaccination-covid-19-pour-les-enfants-ages-de-12-a-17-ans\/"},"modified":"2021-11-08T05:46:14","modified_gmt":"2021-11-08T04:46:14","slug":"le-timor-oriental-lance-la-campagne-de-vaccination-covid-19-pour-les-enfants-ages-de-12-a-17-ans","status":"publish","type":"news","link":"https:\/\/p4h.world\/fr\/news\/le-timor-oriental-lance-la-campagne-de-vaccination-covid-19-pour-les-enfants-ages-de-12-a-17-ans\/","title":{"rendered":"Le Timor oriental lance la campagne de vaccination COVID-19 pour les enfants \u00e2g\u00e9s de 12 \u00e0 17 ans."},"content":{"rendered":"<p>Le Timor-Leste a lanc\u00e9 la campagne de vaccination Pfizer COVID-19 pour les enfants \u00e2g\u00e9s de 12 \u00e0 17 ans, dans le but de r\u00e9duire l&#8217;impact du COVID et de prot\u00e9ger les enfants et leurs familles.&nbsp;<\/p>\n<p>La vaccination permettra de r\u00e9duire les maladies graves, les hospitalisations et les d\u00e9c\u00e8s dus au COVID-19 chez les enfants. Le programme de vaccination des enfants sera administr\u00e9 conform\u00e9ment au plan national de d\u00e9ploiement du vaccin COVID-19 du Timor-Leste. La vaccination sera administr\u00e9e dans les postes de vaccination d\u00e9sign\u00e9s, y compris dans les \u00e9coles.<\/p>\n<p>100 620 doses du vaccin Pfizer COVID-19 ont \u00e9t\u00e9 livr\u00e9es au Timor-Leste le 16 octobre 2021. Les vaccins provenaient d&#8217;un don du gouvernement des \u00c9tats-Unis allou\u00e9 par l&#8217;interm\u00e9diaire de l&#8217;installation COVAX. Pour en savoir plus, <a href=\"http:\/\/www.tatoli.tl\/en\/2021\/10\/27\/tl-launches-pfizer-covid-19-vaccination-campaign-for-children-ages-12-to-17\/\">cliquez ici<\/a>.<\/p>\n<p>Source : Tatoli<\/p>\n<p>Photo :&nbsp;<a href=\"https:\/\/www.canva.com\/p\/kvddesign\/\">KellyvanDellen<\/a><\/p>\n<p>&nbsp;<\/p>\n","protected":false},"excerpt":{"rendered":"<p>Le Timor-Leste a lanc\u00e9 la campagne de vaccination Pfizer COVID-19 pour les enfants \u00e2g\u00e9s de 12 \u00e0 17 ans, dans le but de r\u00e9duire l&#8217;impact du COVID et de prot\u00e9ger les enfants et leurs familles.&nbsp; La vaccination permettra de r\u00e9duire les maladies graves, les hospitalisations et les d\u00e9c\u00e8s dus au COVID-19 chez les enfants. Le&#8230;<\/p>\n","protected":false},"author":265,"featured_media":0,"comment_status":"","ping_status":"closed","template":"","meta":{"_et_pb_use_builder":"","_et_pb_old_content":"","_et_gb_content_width":""},"categories":[],"tags":[2433],"acf":[],"_links":{"self":[{"href":"https:\/\/p4h.world\/fr\/wp-json\/wp\/v2\/news\/987655713"}],"collection":[{"href":"https:\/\/p4h.world\/fr\/wp-json\/wp\/v2\/news"}],"about":[{"href":"https:\/\/p4h.world\/fr\/wp-json\/wp\/v2\/types\/news"}],"author":[{"embeddable":true,"href":"https:\/\/p4h.world\/fr\/wp-json\/wp\/v2\/users\/265"}],"replies":[{"embeddable":true,"href":"https:\/\/p4h.world\/fr\/wp-json\/wp\/v2\/comments?post=987655713"}],"version-history":[{"count":0,"href":"https:\/\/p4h.world\/fr\/wp-json\/wp\/v2\/news\/987655713\/revisions"}],"wp:attachment":[{"href":"https:\/\/p4h.world\/fr\/wp-json\/wp\/v2\/media?parent=987655713"}],"wp:term":[{"taxonomy":"category","embeddable":true,"href":"https:\/\/p4h.world\/fr\/wp-json\/wp\/v2\/categories?post=987655713"},{"taxonomy":"post_tag","embeddable":true,"href":"https:\/\/p4h.world\/fr\/wp-json\/wp\/v2\/tags?post=987655713"}],"curies":[{"name":"wp","href":"https:\/\/api.w.org\/{rel}","templated":true}]}}