{"id":987657242,"date":"2022-10-25T03:48:27","date_gmt":"2022-10-25T02:48:27","guid":{"rendered":"https:\/\/p4h.world\/news\/le-ministere-de-la-sante-publique-presente-le-plan-national-de-sante-2022-2032-pour-la-republique-dominicaine\/"},"modified":"2022-10-25T03:48:27","modified_gmt":"2022-10-25T02:48:27","slug":"le-ministere-de-la-sante-publique-presente-le-plan-national-de-sante-2022-2032-pour-la-republique-dominicaine","status":"publish","type":"news","link":"https:\/\/p4h.world\/fr\/news\/le-ministere-de-la-sante-publique-presente-le-plan-national-de-sante-2022-2032-pour-la-republique-dominicaine\/","title":{"rendered":"Le minist\u00e8re de la sant\u00e9 publique pr\u00e9sente le plan national de sant\u00e9 2022-2032 pour la R\u00e9publique dominicaine"},"content":{"rendered":"<p>Le Plan national de sant\u00e9 2022-2032 cherche \u00e0 caract\u00e9riser une vision commune entre la s\u00e9curit\u00e9 sociale et les autres entit\u00e9s qui composent le syst\u00e8me de sant\u00e9 en R\u00e9publique dominicaine.<br \/>\nIl propose de fournir une assurance maladie aux 278 municipalit\u00e9s, qui sont les principaux acteurs de la s\u00e9curit\u00e9 sociale et le pilier des services. Ils s&#8217;articulent autour de quatre axes essentiels : \u00e9conomique, environnemental, de gouvernance et strat\u00e9gique, en tant que composante d&#8217;un diagnostic, avec les dimensions caract\u00e9ristiques de l&#8217;inclusion sociale.<\/p>\n<p>\nLire l&#8217;article complet <a href=\"https:\/\/presidencia.gob.do\/noticias\/ministerio-de-salud-publica-presenta-el-plan-nacional-de-salud-2022-2032\">ici<\/a><\/p>\n","protected":false},"excerpt":{"rendered":"<p>Le Plan national de sant\u00e9 2022-2032 cherche \u00e0 caract\u00e9riser une vision commune entre la s\u00e9curit\u00e9 sociale et les autres entit\u00e9s qui composent le syst\u00e8me de sant\u00e9 en R\u00e9publique dominicaine. Il propose de fournir une assurance maladie aux 278 municipalit\u00e9s, qui sont les principaux acteurs de la s\u00e9curit\u00e9 sociale et le pilier des services. Ils s&#8217;articulent&#8230;<\/p>\n","protected":false},"author":1283,"featured_media":987527320,"comment_status":"closed","ping_status":"closed","template":"","meta":{"_et_pb_use_builder":"","_et_pb_old_content":"","_et_gb_content_width":""},"categories":[],"tags":[2437,2833],"acf":[],"_links":{"self":[{"href":"https:\/\/p4h.world\/fr\/wp-json\/wp\/v2\/news\/987657242"}],"collection":[{"href":"https:\/\/p4h.world\/fr\/wp-json\/wp\/v2\/news"}],"about":[{"href":"https:\/\/p4h.world\/fr\/wp-json\/wp\/v2\/types\/news"}],"author":[{"embeddable":true,"href":"https:\/\/p4h.world\/fr\/wp-json\/wp\/v2\/users\/1283"}],"replies":[{"embeddable":true,"href":"https:\/\/p4h.world\/fr\/wp-json\/wp\/v2\/comments?post=987657242"}],"version-history":[{"count":0,"href":"https:\/\/p4h.world\/fr\/wp-json\/wp\/v2\/news\/987657242\/revisions"}],"wp:featuredmedia":[{"embeddable":true,"href":"https:\/\/p4h.world\/fr\/wp-json\/wp\/v2\/media\/987527320"}],"wp:attachment":[{"href":"https:\/\/p4h.world\/fr\/wp-json\/wp\/v2\/media?parent=987657242"}],"wp:term":[{"taxonomy":"category","embeddable":true,"href":"https:\/\/p4h.world\/fr\/wp-json\/wp\/v2\/categories?post=987657242"},{"taxonomy":"post_tag","embeddable":true,"href":"https:\/\/p4h.world\/fr\/wp-json\/wp\/v2\/tags?post=987657242"}],"curies":[{"name":"wp","href":"https:\/\/api.w.org\/{rel}","templated":true}]}}