{"id":987665374,"date":"2023-09-25T13:06:50","date_gmt":"2023-09-25T12:06:50","guid":{"rendered":"https:\/\/p4h.world\/?post_type=news&#038;p=987665374"},"modified":"2023-10-15T21:13:44","modified_gmt":"2023-10-15T20:13:44","slug":"prevention-preparation-et-reponse-aux-epidemies-et-pandemies-comment-maximiser-limpact-des-systemes-de-protection-sociale-sur-la-sante","status":"publish","type":"news","link":"https:\/\/p4h.world\/fr\/news\/prevention-preparation-et-reponse-aux-epidemies-et-pandemies-comment-maximiser-limpact-des-systemes-de-protection-sociale-sur-la-sante\/","title":{"rendered":"Pr\u00e9vention, pr\u00e9paration et r\u00e9ponse aux \u00e9pid\u00e9mies et pand\u00e9mies : Comment maximiser l&#8217;impact des syst\u00e8mes de protection sociale sur la sant\u00e9 ?"},"content":{"rendered":"<p>[et_pb_section fb_built=&#8221;1&#8243; admin_label=&#8221;! !! NE PAS MODIFIER ! !!&#8221; _builder_version=&#8221;4.19.5&#8243; _module_preset=&#8221;default&#8221; global_colors_info=&#8221;{}&#8221;][et_pb_row admin_label=&#8221;!!! PLEASE DO NOT EDIT !!!&#8221; _builder_version=&#8221;4.19.5&#8243; _module_preset=&#8221;default&#8221; global_colors_info=&#8221;{}&#8221;][et_pb_column type=&#8221;4_4&#8243; _builder_version=&#8221;4.19.5&#8243; _module_preset=&#8221;default&#8221; global_colors_info=&#8221;{}&#8221;][et_pb_text admin_label=&#8221;TO BE EDITED &#8211; SUMMARY &#8211; Click on the WHEEL icon to open the textarea where you can paste or type your summary. Summary should be in bold and 250-300 characters. The counter at the bottom can help.&#8221; _builder_version=&#8221;4.21.0&#8243; _module_preset=&#8221;default&#8221; custom_padding=&#8221;||20px||false|false&#8221; global_colors_info=&#8221;{}&#8221;]<\/p>\n<h5><strong>4-5 octobre | Si\u00e8ge de l&#8217;OIT et en ligne<\/strong><\/h5>\n<p><strong>L&#8217;OIT, l&#8217;OMS, le r\u00e9seau P4H et le r\u00e9seau SPARKS organisent un atelier pour les professionnels de la protection sociale et de la sant\u00e9 qui travaillent \u00e0 la promotion et \u00e0 l&#8217;extension de la couverture et du financement, afin d&#8217;examiner comment les politiques de protection sociale peuvent aider les soins de sant\u00e9 dans la pr\u00e9vention, la pr\u00e9paration et la r\u00e9ponse aux pand\u00e9mies.<\/strong><\/p>\n<p>&nbsp;[\/et_pb_text][et_pb_text admin_label=&#8221;TO BE EDITED &#8211; TEXT OF THE NEWS &#8211; Click on the WHEEL icon to open the textarea where you can paste or type your news. PLEASE USE THE USE ONLY THE FEATURED IMAGE FUNCTION on your right column to add the image.&#8221; _builder_version=&#8221;4.21.0&#8243; _module_preset=&#8221;default&#8221; global_colors_info=&#8221;{}&#8221;]<\/p>\n<h3>Objectif<\/h3>\n<p>L&#8217;interaction entre la sant\u00e9 et la protection sociale est apparue dans divers forums comme l&#8217;une des principales priorit\u00e9s pour acc\u00e9l\u00e9rer les progr\u00e8s vers la r\u00e9alisation des objectifs de d\u00e9veloppement durable (ODD). Cela inclut en particulier la n\u00e9cessit\u00e9 de renforcer les liens entre la cible 1.3 de l&#8217;ODD sur la protection sociale universelle et la cible 3.8 de l&#8217;ODD sur la couverture sanitaire universelle afin de maximiser leur impact sur le d\u00e9veloppement humain dans diff\u00e9rents forums. Ils peuvent \u00eatre mobilis\u00e9s en tandem pour contribuer \u00e0 la pr\u00e9vention, \u00e0 la pr\u00e9paration et \u00e0 la r\u00e9ponse aux \u00e9pid\u00e9mies et aux pand\u00e9mies (PPR).<\/p>\n<p>L&#8217;atelier sera l&#8217;occasion pour les professionnels de la protection sociale et de la sant\u00e9 travaillant dans les domaines de la promotion, de l&#8217;extension de la couverture et du financement de r\u00e9fl\u00e9chir ensemble aux moyens de maximiser les dividendes sanitaires des politiques de protection sociale dans le contexte de la pr\u00e9vention, de la pr\u00e9paration et de la r\u00e9ponse aux \u00e9pid\u00e9mies et aux pand\u00e9mies. Ces r\u00e9flexions peuvent contribuer \u00e0 la mise en place de syst\u00e8mes de protection sociale universels, qui sont \u00e9galement tr\u00e8s importants pour toute une s\u00e9rie d&#8217;autres r\u00e9sultats en mati\u00e8re de sant\u00e9. Il s&#8217;agira de veiller \u00e0 ce que les efforts d\u00e9ploy\u00e9s pour enrayer les maladies transmissibles telles que la tuberculose et les crises futures li\u00e9es aux pand\u00e9mies puissent \u00eatre mieux exploit\u00e9s \u00e0 l&#8217;avenir pour renforcer les syst\u00e8mes de protection sociale et progresser vers la CMU, tout en optimisant les avantages en termes d&#8217;efficacit\u00e9, d&#8217;adoption \u00e9quitable des mesures sociales et de sant\u00e9 publique, et d&#8217;\u00e9quit\u00e9 en mati\u00e8re de sant\u00e9.<\/p>\n<p>L&#8217;atelier vise \u00e0 faire le point sur l&#8217;impact sanitaire des syst\u00e8mes de protection sociale sur la pr\u00e9vention et la r\u00e9ponse aux \u00e9pid\u00e9mies et pand\u00e9mies pass\u00e9es, en vue d&#8217;\u00e9clairer la conception et la mise en \u0153uvre de politiques int\u00e9gr\u00e9es dans les secteurs de la sant\u00e9 et de la protection sociale. En particulier, l&#8217;atelier encouragera les participants de tous les secteurs et de toutes les sp\u00e9cialit\u00e9s techniques \u00e0 r\u00e9fl\u00e9chir \u00e0 des questions cl\u00e9s et \u00e0 co-construire des solutions innovantes. L&#8217;atelier partagera des exp\u00e9riences pertinentes tir\u00e9es d&#8217;exemples nationaux et s&#8217;efforcera de proposer des mesures concr\u00e8tes pour la mise en \u0153uvre au niveau national.<\/p>\n<p><a href=\"https:\/\/www.social-protection.org\/gimi\/ShowWiki.action?id=487\">S&#8217;INSCRIRE MAINTENANT<\/a><\/p>\n<p><a href=\"https:\/\/www.social-protection.org\/gimi\/ShowWiki.action?id=487\">L&#8217;ordre du jour d\u00e9taill\u00e9 est \u00e9galement disponible ici<\/a><\/p>\n<p>L&#8217;atelier sera suivi de la r\u00e9union du groupe d&#8217;\u00e9change technique P4H.[\/et_pb_text][\/et_pb_column][\/et_pb_row][\/et_pb_section]<\/p>\n","protected":false},"excerpt":{"rendered":"<p>4-5 octobre | Si\u00e8ge de l&#8217;OIT et en ligne L&#8217;OIT, l&#8217;OMS, le r\u00e9seau P4H et le r\u00e9seau SPARKS organisent un atelier pour les professionnels de la protection sociale et de la sant\u00e9 qui travaillent \u00e0 la promotion et \u00e0 l&#8217;extension de la couverture et du financement, afin d&#8217;examiner comment les politiques de protection sociale peuvent&#8230;<\/p>\n","protected":false},"author":559,"featured_media":987649594,"comment_status":"closed","ping_status":"closed","template":"","meta":{"_et_pb_use_builder":"on","_et_pb_old_content":"","_et_gb_content_width":""},"categories":[2386],"tags":[2433,2629],"acf":[],"_links":{"self":[{"href":"https:\/\/p4h.world\/fr\/wp-json\/wp\/v2\/news\/987665374"}],"collection":[{"href":"https:\/\/p4h.world\/fr\/wp-json\/wp\/v2\/news"}],"about":[{"href":"https:\/\/p4h.world\/fr\/wp-json\/wp\/v2\/types\/news"}],"author":[{"embeddable":true,"href":"https:\/\/p4h.world\/fr\/wp-json\/wp\/v2\/users\/559"}],"replies":[{"embeddable":true,"href":"https:\/\/p4h.world\/fr\/wp-json\/wp\/v2\/comments?post=987665374"}],"version-history":[{"count":5,"href":"https:\/\/p4h.world\/fr\/wp-json\/wp\/v2\/news\/987665374\/revisions"}],"predecessor-version":[{"id":987665759,"href":"https:\/\/p4h.world\/fr\/wp-json\/wp\/v2\/news\/987665374\/revisions\/987665759"}],"wp:featuredmedia":[{"embeddable":true,"href":"https:\/\/p4h.world\/fr\/wp-json\/wp\/v2\/media\/987649594"}],"wp:attachment":[{"href":"https:\/\/p4h.world\/fr\/wp-json\/wp\/v2\/media?parent=987665374"}],"wp:term":[{"taxonomy":"category","embeddable":true,"href":"https:\/\/p4h.world\/fr\/wp-json\/wp\/v2\/categories?post=987665374"},{"taxonomy":"post_tag","embeddable":true,"href":"https:\/\/p4h.world\/fr\/wp-json\/wp\/v2\/tags?post=987665374"}],"curies":[{"name":"wp","href":"https:\/\/api.w.org\/{rel}","templated":true}]}}