{"id":987677936,"date":"2024-02-09T10:08:29","date_gmt":"2024-02-09T09:08:29","guid":{"rendered":"https:\/\/p4h.world\/?post_type=news&#038;p=987677936"},"modified":"2024-02-09T10:08:41","modified_gmt":"2024-02-09T09:08:41","slug":"poste-a-pourvoir-loms-recherche-un-coordinateur-de-la-politique-de-sante-et-de-la-conception-des-services-a-manille-philippines","status":"publish","type":"news","link":"https:\/\/p4h.world\/fr\/news\/poste-a-pourvoir-loms-recherche-un-coordinateur-de-la-politique-de-sante-et-de-la-conception-des-services-a-manille-philippines\/","title":{"rendered":"Poste \u00e0 pourvoir : L&#8217;OMS recherche un coordinateur de la politique de sant\u00e9 et de la conception des services \u00e0 Manille, Philippines"},"content":{"rendered":"<p>[et_pb_section fb_built=&#8221;1&#8243; admin_label=&#8221;!!! PLEASE DO NOT EDIT !!!&#8221; _builder_version=&#8221;4.16&#8243; global_colors_info=&#8221;{}&#8221;][et_pb_row admin_label=&#8221;! !! NE PAS MODIFIER ! !!&#8221; _builder_version=&#8221;4.16&#8243; background_size=&#8221;initial&#8221; background_position=&#8221;top_left&#8221; background_repeat=&#8221;repeat&#8221; global_colors_info=&#8221;{}&#8221;][et_pb_column type=&#8221;4_4&#8243; _builder_version=&#8221;4.16&#8243; custom_padding=&#8221;|||&#8221; global_colors_info=&#8221;{}&#8221; custom_padding__hover=&#8221;|||&#8221;][et_pb_text admin_label=&#8221;TO BE EDITED &#8211; SUMMARY &#8211; Click on the WHEEL icon to open the textarea where you can paste or type your text. Summary condenses the main point of the document. It must be in bold, 250-300 characters \/ 3-4 lines. The counter at the bottom helps.&#8221; _builder_version=&#8221;4.21.0&#8243; _module_preset=&#8221;default&#8221; custom_padding=&#8221;||20px||false|false&#8221; global_colors_info=&#8221;{}&#8221;]<\/p>\n<p><strong>La r\u00e9gion du Pacifique occidental de l&#8217;Organisation mondiale de la sant\u00e9 (OMS) recherche un(e) candidat(e) qualifi\u00e9(e) pour occuper le poste de coordinateur(trice) de la politique de sant\u00e9 et de la conception des services. Ce r\u00f4le offre une chance unique de contribuer \u00e0 la r\u00e9silience et \u00e0 la durabilit\u00e9 des syst\u00e8mes de sant\u00e9 de la r\u00e9gion.<\/strong><\/p>\n<p>[\/et_pb_text][et_pb_text admin_label=&#8221;TO BE EDITED &#8211; TEXT &#8211; Click on the WHEEL icon to open the textarea where you can paste or type your text. PLEASE USE ONLY THE FEATURED IMAGE FUNCTION on your right column to add the image.&#8221; _builder_version=&#8221;4.21.0&#8243; _module_preset=&#8221;default&#8221; global_colors_info=&#8221;{}&#8221;]<\/p>\n<p>D\u00e9tails cl\u00e9s :<\/p>\n<ul>\n<li>Grade : P5<\/li>\n<li>Contrat : \u00e0 dur\u00e9e d\u00e9termin\u00e9e (2 ans)<\/li>\n<li>Localisation : Manille, Philippines<\/li>\n<li>Date de publication : 8 f\u00e9vrier 2024<\/li>\n<li>Date de cl\u00f4ture : 29 f\u00e9vrier 2024<\/li>\n<li>Lieu de travail principal : Philippines-Manille<\/li>\n<li>Organisation : R\u00e9gion du Pacifique occidental de l&#8217;OMS, Division des syst\u00e8mes et services de sant\u00e9<\/li>\n<li>Horaire : Temps plein<\/li>\n<\/ul>\n<p>Aper\u00e7u du r\u00f4le : Le coordinateur jouera un r\u00f4le essentiel dans la fourniture d&#8217;un soutien technique aux \u00c9tats membres pour la conception, la mise en \u0153uvre et l&#8217;\u00e9valuation des politiques de sant\u00e9. Il s&#8217;agit notamment d&#8217;initiatives en mati\u00e8re de financement de la sant\u00e9 visant \u00e0 soutenir la couverture sanitaire universelle (CSU) et les efforts de renforcement des capacit\u00e9s. En outre, le titulaire du poste favorisera les partenariats avec les parties prenantes externes, g\u00e9rera le plan de travail de l&#8217;unit\u00e9 &#8220;Politique de sant\u00e9 et conception des services&#8221; et assurera la coordination avec les bureaux de pays et le si\u00e8ge de l&#8217;OMS.<\/p>\n<p>Qualifications et comp\u00e9tences requises :<\/p>\n<ul>\n<li>Dipl\u00f4me universitaire sup\u00e9rieur en sant\u00e9 publique ou dans un domaine connexe<\/li>\n<li>Au moins dix ans d&#8217;exp\u00e9rience dans la planification du financement de la sant\u00e9, la planification des services de sant\u00e9 ou dans des domaines connexes.<\/li>\n<li>Expertise dans le domaine du financement de la sant\u00e9 et dans au moins un autre domaine des syst\u00e8mes de sant\u00e9<\/li>\n<li>Solides comp\u00e9tences en mati\u00e8re de leadership et de gestion d&#8217;\u00e9quipe<\/li>\n<li>Capacit\u00e9 \u00e0 \u00e9tablir et \u00e0 maintenir des partenariats efficaces<\/li>\n<li>Comp\u00e9tences en mati\u00e8re de communication et de collaboration<\/li>\n<\/ul>\n<p>Ce poste offre une occasion unique de contribuer \u00e0 la vision d&#8217;une r\u00e9gion plus saine et plus s\u00fbre d\u00e9finie par l&#8217;OMS. Les candidats int\u00e9ress\u00e9s sont encourag\u00e9s \u00e0 postuler avant la date de cl\u00f4ture. Pour plus d&#8217;informations et pour poser votre candidature, visitez le portail des carri\u00e8res de l&#8217;OMS.<\/p>\n<p><a href=\"https:\/\/careers.who.int\/careersection\/ex\/jobdetail.ftl?job=2401111&amp;tz=GMT%2B08%3A00&amp;tzname=Asia%2FManila\">POSEZ VOTRE CANDIDATURE ICI<\/a><\/p>\n<p>[\/et_pb_text][\/et_pb_column][\/et_pb_row][\/et_pb_section]<\/p>\n","protected":false},"excerpt":{"rendered":"<p>La r\u00e9gion du Pacifique occidental de l&#8217;Organisation mondiale de la sant\u00e9 (OMS) recherche un(e) candidat(e) qualifi\u00e9(e) pour occuper le poste de coordinateur(trice) de la politique de sant\u00e9 et de la conception des services. Ce r\u00f4le offre une chance unique de contribuer \u00e0 la r\u00e9silience et \u00e0 la durabilit\u00e9 des syst\u00e8mes de sant\u00e9 de la r\u00e9gion.D\u00e9tails&#8230;<\/p>\n","protected":false},"author":559,"featured_media":987677930,"comment_status":"closed","ping_status":"closed","template":"","meta":{"_et_pb_use_builder":"on","_et_pb_old_content":"","_et_gb_content_width":""},"categories":[],"tags":[],"acf":[],"_links":{"self":[{"href":"https:\/\/p4h.world\/fr\/wp-json\/wp\/v2\/news\/987677936"}],"collection":[{"href":"https:\/\/p4h.world\/fr\/wp-json\/wp\/v2\/news"}],"about":[{"href":"https:\/\/p4h.world\/fr\/wp-json\/wp\/v2\/types\/news"}],"author":[{"embeddable":true,"href":"https:\/\/p4h.world\/fr\/wp-json\/wp\/v2\/users\/559"}],"replies":[{"embeddable":true,"href":"https:\/\/p4h.world\/fr\/wp-json\/wp\/v2\/comments?post=987677936"}],"version-history":[{"count":4,"href":"https:\/\/p4h.world\/fr\/wp-json\/wp\/v2\/news\/987677936\/revisions"}],"predecessor-version":[{"id":987677950,"href":"https:\/\/p4h.world\/fr\/wp-json\/wp\/v2\/news\/987677936\/revisions\/987677950"}],"wp:featuredmedia":[{"embeddable":true,"href":"https:\/\/p4h.world\/fr\/wp-json\/wp\/v2\/media\/987677930"}],"wp:attachment":[{"href":"https:\/\/p4h.world\/fr\/wp-json\/wp\/v2\/media?parent=987677936"}],"wp:term":[{"taxonomy":"category","embeddable":true,"href":"https:\/\/p4h.world\/fr\/wp-json\/wp\/v2\/categories?post=987677936"},{"taxonomy":"post_tag","embeddable":true,"href":"https:\/\/p4h.world\/fr\/wp-json\/wp\/v2\/tags?post=987677936"}],"curies":[{"name":"wp","href":"https:\/\/api.w.org\/{rel}","templated":true}]}}