{"id":987679245,"date":"2024-02-20T10:02:23","date_gmt":"2024-02-20T09:02:23","guid":{"rendered":"https:\/\/p4h.world\/?post_type=news&#038;p=987679245"},"modified":"2024-02-21T13:46:58","modified_gmt":"2024-02-21T12:46:58","slug":"amu-burkina-la-phase-pilote-passee-en-revue-par-les-parties-prenantes","status":"publish","type":"news","link":"https:\/\/p4h.world\/fr\/news\/amu-burkina-la-phase-pilote-passee-en-revue-par-les-parties-prenantes\/","title":{"rendered":"AMU-Burkina : La phase pilote pass\u00e9e en revue par les parties prenantes"},"content":{"rendered":"<p>[et_pb_section fb_built=&#8221;1&#8243; admin_label=&#8221;! !! NE PAS MODIFIER ! !!&#8221; _builder_version=&#8221;4.19.5&#8243; _module_preset=&#8221;default&#8221; global_colors_info=&#8221;{}&#8221;][et_pb_row admin_label=&#8221;!!! PLEASE DO NOT EDIT !!!&#8221; _builder_version=&#8221;4.19.5&#8243; _module_preset=&#8221;default&#8221; global_colors_info=&#8221;{}&#8221;][et_pb_column type=&#8221;4_4&#8243; _builder_version=&#8221;4.19.5&#8243; _module_preset=&#8221;default&#8221; global_colors_info=&#8221;{}&#8221;][et_pb_text admin_label=&#8221;TO BE EDITED &#8211; SUMMARY &#8211; Click on the WHEEL icon to open the textarea where you can paste or type your summary.  Summary should be in bold and 250-300 characters. The counter at the bottom can help.&#8221; _builder_version=&#8221;4.21.0&#8243; _module_preset=&#8221;default&#8221; custom_padding=&#8221;||20px||false|false&#8221; global_colors_info=&#8221;{}&#8221;]<\/p>\n<p><strong>Du 25 au 27 juillet 2023 les acteurs de mise en oeuvre de la phase pilote de l\u2019Assurance maladie universelle (AMU). Une rencontre d\u2019\u00e9change qui a permis de dresser le bilan de deux ann\u00e9es de mise en \u0153uvre mais aussi de faire des recommandations objectives pour l\u2019op\u00e9rationnalisation \u00e0 grande \u00e9chelle de l\u2019AMU.<\/strong><\/p>\n<p>[\/et_pb_text][et_pb_text admin_label=&#8221;TO BE EDITED &#8211; TEXT OF THE NEWS &#8211; Click on the WHEEL icon to open the textarea where you can paste or type your news. PLEASE USE THE USE ONLY THE FEATURED IMAGE FUNCTION on your right column to add the image.&#8221; _builder_version=&#8221;4.21.0&#8243; _module_preset=&#8221;default&#8221; global_colors_info=&#8221;{}&#8221;]<\/p>\n<p>L\u2019ONG DIAKONIA, \u00e0 travers son \u00ab\u00a0Programme de renforcement de l\u2019engagement citoyen et de la responsabilit\u00e9 des gouvernants dans la mise en \u0153uvre de la politique de l\u2019Assurance maladie universelle (AMU) au Burkina Faso\u00a0\u00bb, mis en \u0153uvre dans cette phase pilote de l\u2019AMU a concern\u00e9 quatre r\u00e9gions du pays, que sont\u00a0: le Centre, le Nord, la Boucle du Mouhoun et les Hauts-Bassins, de janvier 2020 \u00e0 d\u00e9cembre 2022.<\/p>\n<p>La mise en \u0153uvre de cette phase pilote a permis aux populations des zones d\u2019interventions de mieux conna\u00eetre la politique de l\u2019AMU, d\u2019asseoir un dialogue permanent entre les diff\u00e9rentes parties prenantes. En sus, il a permis aux d\u00e9cideurs de cette mise en \u0153uvre, de rendre d\u00e9sormais compte de leurs actions aux populations. Aussi, ce sont les comit\u00e9s citoyens de veille qui assurent d\u00e9sormais la veille citoyenne sur l\u2019op\u00e9rationnalisation de la politique de l\u2019AMU dans les communaut\u00e9s gr\u00e2ce \u00e0 ce programme.<\/p>\n<p>Le charg\u00e9 de mission du minist\u00e8re en charge de la fonction publique, Hamadou Kobanka a salu\u00e9 la synergie d&#8217;actions qui a permis de mener \u00e0 bien cette phase pilote. \u00ab C\u2019est aussi le lieu de reconna\u00eetre les efforts soutenus des partenaires de DIAKONIA qui ont permis d\u2019atteindre l\u2019objectif initial, apr\u00e8s le bilan de la phase pilote effectu\u00e9 au cours de cet atelier et qui s\u2019est r\u00e9v\u00e9l\u00e9 positif \u00bb, a-t-il appr\u00e9ci\u00e9.<\/p>\n<p>Des pistes de r\u00e9flexions sur les strat\u00e9gies et les actions \u00e0 mener lors de la nouvelle phase, ont \u00e9t\u00e9 explor\u00e9es au cours de la pr\u00e9sente rencontre.<\/p>\n<p>[\/et_pb_text][\/et_pb_column][\/et_pb_row][\/et_pb_section]<\/p>\n","protected":false},"excerpt":{"rendered":"<p>Du 25 au 27 juillet 2023 les acteurs de mise en oeuvre de la phase pilote de l\u2019Assurance maladie universelle (AMU). Une rencontre d\u2019\u00e9change qui a permis de dresser le bilan de deux ann\u00e9es de mise en \u0153uvre mais aussi de faire des recommandations objectives pour l\u2019op\u00e9rationnalisation \u00e0 grande \u00e9chelle de l\u2019AMU.L\u2019ONG DIAKONIA, \u00e0 travers&#8230;<\/p>\n","protected":false},"author":1633,"featured_media":987679270,"comment_status":"closed","ping_status":"closed","template":"","meta":{"_et_pb_use_builder":"on","_et_pb_old_content":"","_et_gb_content_width":""},"categories":[],"tags":[2454,2447,2834,2363,2473],"acf":[],"_links":{"self":[{"href":"https:\/\/p4h.world\/fr\/wp-json\/wp\/v2\/news\/987679245"}],"collection":[{"href":"https:\/\/p4h.world\/fr\/wp-json\/wp\/v2\/news"}],"about":[{"href":"https:\/\/p4h.world\/fr\/wp-json\/wp\/v2\/types\/news"}],"author":[{"embeddable":true,"href":"https:\/\/p4h.world\/fr\/wp-json\/wp\/v2\/users\/1633"}],"replies":[{"embeddable":true,"href":"https:\/\/p4h.world\/fr\/wp-json\/wp\/v2\/comments?post=987679245"}],"version-history":[{"count":7,"href":"https:\/\/p4h.world\/fr\/wp-json\/wp\/v2\/news\/987679245\/revisions"}],"predecessor-version":[{"id":987679670,"href":"https:\/\/p4h.world\/fr\/wp-json\/wp\/v2\/news\/987679245\/revisions\/987679670"}],"wp:featuredmedia":[{"embeddable":true,"href":"https:\/\/p4h.world\/fr\/wp-json\/wp\/v2\/media\/987679270"}],"wp:attachment":[{"href":"https:\/\/p4h.world\/fr\/wp-json\/wp\/v2\/media?parent=987679245"}],"wp:term":[{"taxonomy":"category","embeddable":true,"href":"https:\/\/p4h.world\/fr\/wp-json\/wp\/v2\/categories?post=987679245"},{"taxonomy":"post_tag","embeddable":true,"href":"https:\/\/p4h.world\/fr\/wp-json\/wp\/v2\/tags?post=987679245"}],"curies":[{"name":"wp","href":"https:\/\/api.w.org\/{rel}","templated":true}]}}