{"id":987679656,"date":"2024-01-02T13:23:14","date_gmt":"2024-01-02T12:23:14","guid":{"rendered":"https:\/\/p4h.world\/?post_type=news&#038;p=987679656"},"modified":"2024-02-21T13:58:42","modified_gmt":"2024-02-21T12:58:42","slug":"rapport-de-loms-les-frais-de-sante-a-la-charge-du-patient-rendent-les-soins-de-sante-inabordables-pour-les-menages-europeens","status":"publish","type":"news","link":"https:\/\/p4h.world\/fr\/news\/rapport-de-loms-les-frais-de-sante-a-la-charge-du-patient-rendent-les-soins-de-sante-inabordables-pour-les-menages-europeens\/","title":{"rendered":"Rapport de l&#8217;OMS : Les frais de sant\u00e9 \u00e0 la charge du patient rendent les soins de sant\u00e9 inabordables pour les m\u00e9nages europ\u00e9ens"},"content":{"rendered":"<p>[et_pb_section fb_built=&#8221;1&#8243; admin_label=&#8221;! !! NE PAS MODIFIER ! !!&#8221; _builder_version=&#8221;4.19.5&#8243; _module_preset=&#8221;default&#8221; global_colors_info=&#8221;{}&#8221;][et_pb_row admin_label=&#8221;!!! PLEASE DO NOT EDIT !!!&#8221; _builder_version=&#8221;4.19.5&#8243; _module_preset=&#8221;default&#8221; global_colors_info=&#8221;{}&#8221;][et_pb_column type=&#8221;4_4&#8243; _builder_version=&#8221;4.19.5&#8243; _module_preset=&#8221;default&#8221; global_colors_info=&#8221;{}&#8221;][et_pb_text admin_label=&#8221;TO BE EDITED &#8211; SUMMARY &#8211; Click on the WHEEL icon to open the textarea where you can paste or type your summary. The summary condenses the main points for the news that starts below. The summary is in bold and not longer than 300 characters, including spaces. The counter at the bottom can help.&#8221; _builder_version=&#8221;4.21.0&#8243; _module_preset=&#8221;default&#8221; custom_padding=&#8221;||20px||false|false&#8221; global_colors_info=&#8221;{}&#8221;]<\/p>\n<div class=\"w-full text-token-text-primary\" data-testid=\"conversation-turn-3\">\n<div class=\"px-4 py-2 justify-center text-base md:gap-6 m-auto\">\n<div class=\"flex flex-1 text-base mx-auto gap-3 md:px-5 lg:px-1 xl:px-5 md:max-w-3xl lg:max-w-[40rem] xl:max-w-[48rem] group\">\n<div class=\"relative flex w-full flex-col agent-turn\">\n<div class=\"flex-col gap-1 md:gap-3\">\n<div class=\"flex flex-grow flex-col max-w-full\">\n<div class=\"min-h-[20px] text-message flex flex-col items-start gap-3 whitespace-pre-wrap break-words [.text-message+&amp;]:mt-5 overflow-x-auto\" data-message-author-role=\"assistant\" data-message-id=\"9c8cc83b-81e7-465c-a1be-cbb2fcf09545\">\n<div class=\"markdown prose w-full break-words dark:prose-invert light\">\n<p><strong>Le rapport de l&#8217;OMS\/Europe r\u00e9v\u00e8le la situation pr\u00e9occupante dans laquelle de nombreux m\u00e9nages de la r\u00e9gion sont confront\u00e9s \u00e0 l&#8217;appauvrissement en raison des d\u00e9penses de sant\u00e9, soulignant ainsi le besoin critique de r\u00e9formes.<\/strong><\/p>\n<\/div>\n<\/div>\n<\/div>\n<\/div>\n<\/div>\n<\/div>\n<\/div>\n<\/div>\n<p>[\/et_pb_text][et_pb_text admin_label=&#8221;TO BE EDITED &#8211; TEXT OF THE NEWS &#8211; BLOCK 1 &#8211; Click on the WHEEL icon to open the textarea where you can paste or type your news. PLEASE USE ONLY THE FEATURED IMAGE FUNCTION on your right column to add the image.&#8221; _builder_version=&#8221;4.21.0&#8243; _module_preset=&#8221;default&#8221; custom_padding=&#8221;||1em||false|false&#8221; global_colors_info=&#8221;{}&#8221;]<\/p>\n<div class=\"w-full text-token-text-primary\" data-testid=\"conversation-turn-3\">\n<div class=\"px-4 py-2 justify-center text-base md:gap-6 m-auto\">\n<div class=\"flex flex-1 text-base mx-auto gap-3 md:px-5 lg:px-1 xl:px-5 md:max-w-3xl lg:max-w-[40rem] xl:max-w-[48rem] group\">\n<div class=\"relative flex w-full flex-col agent-turn\">\n<div class=\"flex-col gap-1 md:gap-3\">\n<div class=\"flex flex-grow flex-col max-w-full\">\n<div class=\"min-h-[20px] text-message flex flex-col items-start gap-3 whitespace-pre-wrap break-words [.text-message+&amp;]:mt-5 overflow-x-auto\" data-message-author-role=\"assistant\" data-message-id=\"9c8cc83b-81e7-465c-a1be-cbb2fcf09545\">\n<div class=\"markdown prose w-full break-words dark:prose-invert light\">\n<p>L&#8217;Organisation mondiale de la sant\u00e9 (OMS) a r\u00e9cemment publi\u00e9 un rapport d\u00e9taill\u00e9 intitul\u00e9 &#8220;Can people afford to pay for health care ? Evidence on financial protection in 40 countries in Europe (2023)&#8221;, qui met en lumi\u00e8re les difficult\u00e9s financi\u00e8res auxquelles sont confront\u00e9s des millions d&#8217;individus en raison du <a href=\"https:\/\/www.who.int\/europe\/news\/item\/12-12-2023-out-of-pocket-payments-for-primary-health-care-unaffordable-for-millions-in-europe-new-who-report-shows\">paiement direct<\/a> des soins de sant\u00e9 en Europe. Le rapport souligne que m\u00eame dans les pays les plus riches d&#8217;Europe, les d\u00e9penses li\u00e9es aux m\u00e9dicaments, aux produits m\u00e9dicaux tels que les proth\u00e8ses auditives et aux soins dentaires font basculer entre 1 et 12 % des m\u00e9nages dans la pauvret\u00e9 ou exacerbent leurs difficult\u00e9s financi\u00e8res.<\/p>\n<p>En outre, le rapport r\u00e9v\u00e8le qu&#8217;entre 1 et 20 % des m\u00e9nages connaissent des d\u00e9penses de sant\u00e9 catastrophiques, un chiffre qui grimpe \u00e0 2 et 69 % parmi le cinqui\u00e8me le plus pauvre de la population. Les d\u00e9penses catastrophiques en mati\u00e8re de soins de sant\u00e9 conduisent souvent les m\u00e9nages \u00e0 ne pas pouvoir r\u00e9pondre \u00e0 des besoins fondamentaux tels que l&#8217;alimentation, le logement et le chauffage. Notamment, ces charges financi\u00e8res sont principalement attribu\u00e9es aux d\u00e9penses encourues dans le cadre des soins primaires, ce qui indique des lacunes importantes dans la couverture des soins primaires dans de nombreux pays.<\/p>\n<p>Le docteur Hans Henri P. Kluge, directeur r\u00e9gional de l&#8217;OMS pour l&#8217;Europe, a soulign\u00e9 l&#8217;urgence de transformer les syst\u00e8mes de sant\u00e9 afin de garantir un acc\u00e8s \u00e9quitable aux soins de sant\u00e9 sans provoquer de d\u00e9tresse financi\u00e8re. Le rapport propose cinq choix politiques pour am\u00e9liorer la protection financi\u00e8re et se rapprocher de la couverture sanitaire universelle (CSU), notamment en dissociant le droit aux soins de sant\u00e9 des cotisations sociales d&#8217;assurance maladie, en appliquant avec parcimonie le ticket mod\u00e9rateur pour les soins de sant\u00e9 et en garantissant un financement ad\u00e9quat des politiques de couverture des soins de sant\u00e9.<\/p>\n<p>En outre, le rapport souligne la n\u00e9cessit\u00e9 de rem\u00e9dier aux d\u00e9ficits de confiance au sein des syst\u00e8mes de sant\u00e9 en impliquant activement les patients dans leurs soins, en soutenant et en valorisant les travailleurs de la sant\u00e9 et en favorisant des politiques de sant\u00e9 inclusives en collaboration avec les d\u00e9cideurs politiques. L&#8217;OMS exhorte les pays \u00e0 donner la priorit\u00e9 \u00e0 ces r\u00e9formes afin de r\u00e9tablir la confiance et de faire en sorte que les soins de sant\u00e9 soient accessibles et abordables pour tous.<\/p>\n<\/div>\n<\/div>\n<\/div>\n<\/div>\n<\/div>\n<\/div>\n<\/div>\n<\/div>\n<p>[\/et_pb_text][et_pb_text admin_label=&#8221;TO BE EDITED &#8211; TEXT OF THE NEWS &#8211; BLOCK 2 &#8211; Click on the WHEEL icon to open the textarea where you can paste or type your news. PLEASE USE ONLY THE FEATURED IMAGE FUNCTION on your right column to add the image.&#8221; _builder_version=&#8221;4.21.0&#8243; _module_preset=&#8221;default&#8221; global_colors_info=&#8221;{}&#8221;][\/et_pb_text][\/et_pb_column][\/et_pb_row][\/et_pb_section]<\/p>\n","protected":false},"excerpt":{"rendered":"<p>Le rapport de l&#8217;OMS\/Europe r\u00e9v\u00e8le la situation pr\u00e9occupante dans laquelle de nombreux m\u00e9nages de la r\u00e9gion sont confront\u00e9s \u00e0 l&#8217;appauvrissement en raison des d\u00e9penses de sant\u00e9, soulignant ainsi le besoin critique de r\u00e9formes. L&#8217;Organisation mondiale de la sant\u00e9 (OMS) a r\u00e9cemment publi\u00e9 un rapport d\u00e9taill\u00e9 intitul\u00e9 &#8220;Can people afford to pay for health care ?&#8230;<\/p>\n","protected":false},"author":559,"featured_media":987679682,"comment_status":"closed","ping_status":"closed","template":"","meta":{"_et_pb_use_builder":"on","_et_pb_old_content":"","_et_gb_content_width":""},"categories":[2411],"tags":[2632],"acf":[],"_links":{"self":[{"href":"https:\/\/p4h.world\/fr\/wp-json\/wp\/v2\/news\/987679656"}],"collection":[{"href":"https:\/\/p4h.world\/fr\/wp-json\/wp\/v2\/news"}],"about":[{"href":"https:\/\/p4h.world\/fr\/wp-json\/wp\/v2\/types\/news"}],"author":[{"embeddable":true,"href":"https:\/\/p4h.world\/fr\/wp-json\/wp\/v2\/users\/559"}],"replies":[{"embeddable":true,"href":"https:\/\/p4h.world\/fr\/wp-json\/wp\/v2\/comments?post=987679656"}],"version-history":[{"count":16,"href":"https:\/\/p4h.world\/fr\/wp-json\/wp\/v2\/news\/987679656\/revisions"}],"predecessor-version":[{"id":987679717,"href":"https:\/\/p4h.world\/fr\/wp-json\/wp\/v2\/news\/987679656\/revisions\/987679717"}],"wp:featuredmedia":[{"embeddable":true,"href":"https:\/\/p4h.world\/fr\/wp-json\/wp\/v2\/media\/987679682"}],"wp:attachment":[{"href":"https:\/\/p4h.world\/fr\/wp-json\/wp\/v2\/media?parent=987679656"}],"wp:term":[{"taxonomy":"category","embeddable":true,"href":"https:\/\/p4h.world\/fr\/wp-json\/wp\/v2\/categories?post=987679656"},{"taxonomy":"post_tag","embeddable":true,"href":"https:\/\/p4h.world\/fr\/wp-json\/wp\/v2\/tags?post=987679656"}],"curies":[{"name":"wp","href":"https:\/\/api.w.org\/{rel}","templated":true}]}}