{"id":987693630,"date":"2024-05-22T10:38:45","date_gmt":"2024-05-22T09:38:45","guid":{"rendered":"https:\/\/p4h.world\/?post_type=news&#038;p=987693630"},"modified":"2024-05-27T15:34:25","modified_gmt":"2024-05-27T14:34:25","slug":"la-cades-donne-lalerte-sur-le-deficit-de-la-securite-sociale","status":"publish","type":"news","link":"https:\/\/p4h.world\/fr\/news\/la-cades-donne-lalerte-sur-le-deficit-de-la-securite-sociale\/","title":{"rendered":"La Cades donne l\u2019alerte sur le d\u00e9ficit de la S\u00e9curit\u00e9 sociale"},"content":{"rendered":"<p>[et_pb_section fb_built=&#8221;1&#8243; admin_label=&#8221;! !! NE PAS MODIFIER ! !!&#8221; _builder_version=&#8221;4.19.5&#8243; _module_preset=&#8221;default&#8221; global_colors_info=&#8221;{}&#8221;][et_pb_row admin_label=&#8221;!!! PLEASE DO NOT EDIT !!!&#8221; _builder_version=&#8221;4.19.5&#8243; _module_preset=&#8221;default&#8221; global_colors_info=&#8221;{}&#8221;][et_pb_column type=&#8221;4_4&#8243; _builder_version=&#8221;4.19.5&#8243; _module_preset=&#8221;default&#8221; global_colors_info=&#8221;{}&#8221;][et_pb_text admin_label=&#8221;TO BE EDITED &#8211; SUMMARY &#8211; Click on the WHEEL icon to open the textarea where you can paste or type your summary.  Summary should be in bold and 250-300 characters. The counter at the bottom can help.&#8221; _builder_version=&#8221;4.21.0&#8243; _module_preset=&#8221;default&#8221; custom_padding=&#8221;||20px||false|false&#8221; global_colors_info=&#8221;{}&#8221;]<\/p>\n<p style=\"font-weight: 400;\"><strong>Le 12 d\u00e9cembre 2023, le pr\u00e9sident de la Caisse d\u2019amortissement de la dette sociale (Cades), Jean-Louis Rey, a pr\u00e9sent\u00e9 le bilan 2023 de l\u2019Institution. <span lang=\"FR\">Charg\u00e9e de financer et d&#8217;\u00e9teindre la dette cumul\u00e9e du r\u00e9gime g\u00e9n\u00e9ral de la S\u00e9curit\u00e9 Sociale, la Cades a vu sa mission prolong\u00e9e jusqu\u2019en 2033. <\/span><\/strong><\/p>\n<p>[\/et_pb_text][et_pb_text admin_label=&#8221;TO BE EDITED &#8211; TEXT OF THE NEWS &#8211; Click on the WHEEL icon to open the textarea where you can paste or type your news. PLEASE USE THE USE ONLY THE FEATURED IMAGE FUNCTION on your right column to add the image.&#8221; _builder_version=&#8221;4.21.0&#8243; _module_preset=&#8221;default&#8221; global_colors_info=&#8221;{}&#8221;]<\/p>\n<p style=\"font-weight: 400;\"><a href=\"https:\/\/p4h.world\/fr\/documents\/deficit-de-la-securite-sociale-la-cades-donne-lalerte\/\">De ce bilan,<\/a> il ressort que le d\u00e9ficit de la S\u00e9curit\u00e9 sociale, qui avait atteint 1,7 Md\u20ac en 2019, a fortement augment\u00e9 lors de la crise sanitaire (+39,7 Md\u20ac en 2020). Il serait de 8,8 Md\u20ac en 2023 et les pr\u00e9visions l\u2019estiment \u00e0 17,7 Md\u20ac en 2027.<\/p>\n<p style=\"font-weight: 400;\">Selon Jean-Louis Rey, <a href=\"https:\/\/www.cades.fr\/fr\/\">la Cades<\/a> ne pourra pas prendre en charge les futurs d\u00e9ficits de la S\u00e9curit\u00e9 sociale, sans redressement &#8220;cr\u00e9dible&#8221; des comptes de la branche Maladie. Celle-ci compte pour 9,5\u00a0Md\u20ac de d\u00e9ficit en 2023. Quant \u00e0 la branche Vieillesse, elle cumule 0,5\u00a0Md\u20ac. La <a href=\"https:\/\/www.retraite.com\/caisse-retraite\/crnacl\/\">Caisse nationale des retraites des agents des collectivit\u00e9s locales et des hospitaliers<\/a> (CNRACL) souffre \u00e9galement d&#8217;un d\u00e9ficit de 7,5\u00a0Md\u20ac. En 2020, le Conseil constitutionnel avait statu\u00e9 que tout nouveau transfert de dette s\u2019accompagnerait d\u2019une augmentation des recettes,\u00a0<em>via\u00a0<\/em>des contributions comme la Contribution sociale g\u00e9n\u00e9ralis\u00e9e (CSG). Selon ce dernier, il ne sera pas possible pour la Cades de prendre en charge une part plus importante de d\u00e9ficit.<\/p>\n<p>[\/et_pb_text][\/et_pb_column][\/et_pb_row][\/et_pb_section]<\/p>\n","protected":false},"excerpt":{"rendered":"<p>Le 12 d\u00e9cembre 2023, le pr\u00e9sident de la Caisse d\u2019amortissement de la dette sociale (Cades), Jean-Louis Rey, a pr\u00e9sent\u00e9 le bilan 2023 de l\u2019Institution. Charg\u00e9e de financer et d&#8217;\u00e9teindre la dette cumul\u00e9e du r\u00e9gime g\u00e9n\u00e9ral de la S\u00e9curit\u00e9 Sociale, la Cades a vu sa mission prolong\u00e9e jusqu\u2019en 2033. De ce bilan, il ressort que le&#8230;<\/p>\n","protected":false},"author":1633,"featured_media":987695150,"comment_status":"closed","ping_status":"closed","template":"","meta":{"_et_pb_use_builder":"on","_et_pb_old_content":"","_et_gb_content_width":""},"categories":[],"tags":[2454,2471,2833],"acf":[],"_links":{"self":[{"href":"https:\/\/p4h.world\/fr\/wp-json\/wp\/v2\/news\/987693630"}],"collection":[{"href":"https:\/\/p4h.world\/fr\/wp-json\/wp\/v2\/news"}],"about":[{"href":"https:\/\/p4h.world\/fr\/wp-json\/wp\/v2\/types\/news"}],"author":[{"embeddable":true,"href":"https:\/\/p4h.world\/fr\/wp-json\/wp\/v2\/users\/1633"}],"replies":[{"embeddable":true,"href":"https:\/\/p4h.world\/fr\/wp-json\/wp\/v2\/comments?post=987693630"}],"version-history":[{"count":5,"href":"https:\/\/p4h.world\/fr\/wp-json\/wp\/v2\/news\/987693630\/revisions"}],"predecessor-version":[{"id":987695184,"href":"https:\/\/p4h.world\/fr\/wp-json\/wp\/v2\/news\/987693630\/revisions\/987695184"}],"wp:featuredmedia":[{"embeddable":true,"href":"https:\/\/p4h.world\/fr\/wp-json\/wp\/v2\/media\/987695150"}],"wp:attachment":[{"href":"https:\/\/p4h.world\/fr\/wp-json\/wp\/v2\/media?parent=987693630"}],"wp:term":[{"taxonomy":"category","embeddable":true,"href":"https:\/\/p4h.world\/fr\/wp-json\/wp\/v2\/categories?post=987693630"},{"taxonomy":"post_tag","embeddable":true,"href":"https:\/\/p4h.world\/fr\/wp-json\/wp\/v2\/tags?post=987693630"}],"curies":[{"name":"wp","href":"https:\/\/api.w.org\/{rel}","templated":true}]}}