{"id":987706270,"date":"2024-07-04T13:40:04","date_gmt":"2024-07-04T12:40:04","guid":{"rendered":"https:\/\/p4h.world\/?post_type=news&#038;p=987706270"},"modified":"2024-07-04T14:06:42","modified_gmt":"2024-07-04T13:06:42","slug":"les-infirmiers-invites-a-sengager-pour-la-reussite-de-la-couverture-sante-universelle","status":"publish","type":"news","link":"https:\/\/p4h.world\/fr\/news\/les-infirmiers-invites-a-sengager-pour-la-reussite-de-la-couverture-sante-universelle\/","title":{"rendered":"Les infirmiers invit\u00e9s \u00e0 s&#8217;engager pour la r\u00e9ussite de la Couverture sant\u00e9 universelle"},"content":{"rendered":"<p>[et_pb_section fb_built=&#8221;1&#8243; admin_label=&#8221;! !! NE PAS MODIFIER ! !!&#8221; _builder_version=&#8221;4.19.5&#8243; _module_preset=&#8221;default&#8221; global_colors_info=&#8221;{}&#8221;][et_pb_row admin_label=&#8221;!!! PLEASE DO NOT EDIT !!!&#8221; _builder_version=&#8221;4.19.5&#8243; _module_preset=&#8221;default&#8221; global_colors_info=&#8221;{}&#8221;][et_pb_column type=&#8221;4_4&#8243; _builder_version=&#8221;4.19.5&#8243; _module_preset=&#8221;default&#8221; global_colors_info=&#8221;{}&#8221;][et_pb_text admin_label=&#8221;TO BE EDITED &#8211; SUMMARY &#8211; Click on the WHEEL icon to open the textarea where you can paste or type your summary.  Summary should be in bold and 250-300 characters. The counter at the bottom can help.&#8221; _builder_version=&#8221;4.21.0&#8243; _module_preset=&#8221;default&#8221; custom_padding=&#8221;||20px||false|false&#8221; global_colors_info=&#8221;{}&#8221;]<\/p>\n<p><strong>Du 24 au 26 juin 2024 s&#8217;est tenu \u00e0 Kinshasa, le congr\u00e8s ordinaire de l&#8217;union nationale des infirmiers et infirmi\u00e8res du Congo (UNIC). A l&#8217;occasion, ils sont \u00e9t\u00e9 invit\u00e9s \u00e0 s&#8217;investir pour soutenir la Couverture sanitaire universelle.\u00a0<\/strong><\/p>\n<p>[\/et_pb_text][et_pb_text admin_label=&#8221;TO BE EDITED &#8211; TEXT OF THE NEWS &#8211; Click on the WHEEL icon to open the textarea where you can paste or type your news. PLEASE USE THE USE ONLY THE FEATURED IMAGE FUNCTION on your right column to add the image.&#8221; _builder_version=&#8221;4.21.0&#8243; _module_preset=&#8221;default&#8221; global_colors_info=&#8221;{}&#8221;]<\/p>\n<p>\u00ab<em><strong> Le plaidoyer pour les droits du travail des infirmiers du secteur public<\/strong><\/em> \u00bb c&#8217;est le th\u00e8me retenu pour les assises des infirmiers et infirmi\u00e8res de la <a href=\"https:\/\/p4h.world\/fr\/countries\/congo-republique-democratique-du\/\">R\u00e9publique D\u00e9mocratique du Congo<\/a> organis\u00e9es du 24 au 26 juin 2024 \u00e0 Kinshasa. Ce fut l&#8217;occasion pour examiner les conditions de travail des infirmiers \u00e0 travers le pays, y compris leur r\u00e9mun\u00e9ration mais aussi d&#8217;\u00e9voquer la mise en oeuvre de la CSU.<\/p>\n<blockquote>\n<p>\u00ab <em><strong>Je vais m\u2019investir avec tous les infirmiers pour soutenir la Couverture sant\u00e9 universelle (CSU) pr\u00f4n\u00e9e par le Pr\u00e9sident de la R\u00e9publique, Felix Antoine Tshisekedi Tshilombo<\/strong><\/em>\u00bb, a d\u00e9clar\u00e9 Mme Jeannine Baheka, secr\u00e9taire g\u00e9n\u00e9ral adjoint de l\u2019Unic, en charge de genre et famille. <em>\u00ab <strong>Quand on parle de la profession infirmi\u00e8re en RDC, on voit plus de 80% des femmes. Nous allons travailler durement pour soutenir ces femmes et les encourager \u00e0 bien s\u2019impliquer dans la mise en \u0153uvre de la CSU<\/strong><\/em> \u00bb, a-t-elle ajout\u00e9.<\/p>\n<\/blockquote>\n<p>&nbsp;<\/p>\n<p>[\/et_pb_text][\/et_pb_column][\/et_pb_row][\/et_pb_section]<\/p>\n","protected":false},"excerpt":{"rendered":"<p>Du 24 au 26 juin 2024 s&#8217;est tenu \u00e0 Kinshasa, le congr\u00e8s ordinaire de l&#8217;union nationale des infirmiers et infirmi\u00e8res du Congo (UNIC). A l&#8217;occasion, ils sont \u00e9t\u00e9 invit\u00e9s \u00e0 s&#8217;investir pour soutenir la Couverture sanitaire universelle.\u00a0\u00ab Le plaidoyer pour les droits du travail des infirmiers du secteur public \u00bb c&#8217;est le th\u00e8me retenu pour&#8230;<\/p>\n","protected":false},"author":1633,"featured_media":987706309,"comment_status":"closed","ping_status":"closed","template":"","meta":{"_et_pb_use_builder":"on","_et_pb_old_content":"","_et_gb_content_width":""},"categories":[],"tags":[2473],"acf":[],"_links":{"self":[{"href":"https:\/\/p4h.world\/fr\/wp-json\/wp\/v2\/news\/987706270"}],"collection":[{"href":"https:\/\/p4h.world\/fr\/wp-json\/wp\/v2\/news"}],"about":[{"href":"https:\/\/p4h.world\/fr\/wp-json\/wp\/v2\/types\/news"}],"author":[{"embeddable":true,"href":"https:\/\/p4h.world\/fr\/wp-json\/wp\/v2\/users\/1633"}],"replies":[{"embeddable":true,"href":"https:\/\/p4h.world\/fr\/wp-json\/wp\/v2\/comments?post=987706270"}],"version-history":[{"count":6,"href":"https:\/\/p4h.world\/fr\/wp-json\/wp\/v2\/news\/987706270\/revisions"}],"predecessor-version":[{"id":987706285,"href":"https:\/\/p4h.world\/fr\/wp-json\/wp\/v2\/news\/987706270\/revisions\/987706285"}],"wp:featuredmedia":[{"embeddable":true,"href":"https:\/\/p4h.world\/fr\/wp-json\/wp\/v2\/media\/987706309"}],"wp:attachment":[{"href":"https:\/\/p4h.world\/fr\/wp-json\/wp\/v2\/media?parent=987706270"}],"wp:term":[{"taxonomy":"category","embeddable":true,"href":"https:\/\/p4h.world\/fr\/wp-json\/wp\/v2\/categories?post=987706270"},{"taxonomy":"post_tag","embeddable":true,"href":"https:\/\/p4h.world\/fr\/wp-json\/wp\/v2\/tags?post=987706270"}],"curies":[{"name":"wp","href":"https:\/\/api.w.org\/{rel}","templated":true}]}}