{"id":987709691,"date":"2024-06-21T15:38:34","date_gmt":"2024-06-21T14:38:34","guid":{"rendered":"https:\/\/p4h.world\/?post_type=news&#038;p=987709691"},"modified":"2024-07-21T15:49:32","modified_gmt":"2024-07-21T14:49:32","slug":"une-delegation-de-lecole-francaise-de-sante-publique-a-visite-la-caisse-sociale-dassurance-maladie-du-kazakhstan-a-astana","status":"publish","type":"news","link":"https:\/\/p4h.world\/fr\/news\/une-delegation-de-lecole-francaise-de-sante-publique-a-visite-la-caisse-sociale-dassurance-maladie-du-kazakhstan-a-astana\/","title":{"rendered":"Une d\u00e9l\u00e9gation de l&#8217;Ecole fran\u00e7aise de sant\u00e9 publique a visit\u00e9 la Caisse sociale d&#8217;assurance maladie du Kazakhstan \u00e0 Astana"},"content":{"rendered":"<p>[et_pb_section fb_built=&#8221;1&#8243; admin_label=&#8221;! !! NE PAS MODIFIER ! !! &#8221; _builder_version=&#8221;4.19.5&#8243; _module_preset=&#8221;default&#8221; global_colors_info=&#8221;{}&#8221;][et_pb_row admin_label=&#8221;!!! PLEASE DO NOT EDIT !!!&#8221; _builder_version=&#8221;4.19.5&#8243; _module_preset=&#8221;default&#8221; global_colors_info=&#8221;{}&#8221;][et_pb_column type=&#8221;4_4&#8243; _builder_version=&#8221;4.19.5&#8243; _module_preset=&#8221;default&#8221; global_colors_info=&#8221;{}&#8221;][et_pb_text admin_label=&#8221;TO BE EDITED &#8211; SUMMARY &#8211; Click on the WHEEL icon to open the textarea where you can paste or type your summary. The summary condenses the main points for the news that starts below. The summary is in bold and not longer than 300 characters, including spaces. The counter at the bottom can help.&#8221; _builder_version=&#8221;4.21.0&#8243; _module_preset=&#8221;default&#8221; custom_padding=&#8221;||20px||false|false&#8221; global_colors_info=&#8221;{}&#8221;]<\/p>\n<p><strong>Lors de la visite de la d\u00e9l\u00e9gation de l&#8217;\u00c9cole fran\u00e7aise de sant\u00e9 publique, Abylkair Skakov, directeur g\u00e9n\u00e9ral de la Caisse d&#8217;assurance maladie sociale (SHIF), a soulign\u00e9 l&#8217;importance du renforcement des capacit\u00e9s du personnel dans le cadre d&#8217;une collaboration potentielle avec les coll\u00e8gues fran\u00e7ais et d&#8217;\u00e9ventuelles \u00e9tudes conjointes sur la gestion du syst\u00e8me de sant\u00e9.<\/strong><\/p>\n<p>[\/et_pb_text][et_pb_text admin_label=&#8221;TO BE EDITED &#8211; TEXT OF THE NEWS &#8211; BLOCK 1 &#8211; Click on the WHEEL icon to open the textarea where you can paste or type your news. PLEASE USE ONLY THE FEATURED IMAGE FUNCTION on your right column to add the image.&#8221; _builder_version=&#8221;4.21.0&#8243; _module_preset=&#8221;default&#8221; custom_padding=&#8221;||1em||false|false&#8221; global_colors_info=&#8221;{}&#8221;]<\/p>\n<p>L&#8217;organisation h\u00f4te (SHIF) a pr\u00e9sent\u00e9 le mod\u00e8le kazakh du syst\u00e8me d&#8217;assurance maladie et a d\u00e9crit en d\u00e9tail les activit\u00e9s du Fonds social d&#8217;assurance maladie, y compris les m\u00e9canismes d&#8217;achat et la distribution des fonds, les approches de la planification du volume des soins m\u00e9dicaux dans le cadre de l&#8217;ensemble des prestations garanties par l&#8217;\u00c9tat et de l&#8217;ensemble des prestations de l&#8217;assurance maladie obligatoire. Une attention particuli\u00e8re a \u00e9t\u00e9 accord\u00e9e au contr\u00f4le de la qualit\u00e9 des soins m\u00e9dicaux et au paiement des r\u00e9sultats.<\/p>\n<p>En outre, la d\u00e9l\u00e9gation fran\u00e7aise a particip\u00e9 au s\u00e9minaire organis\u00e9 par la SHIF et auquel ont assist\u00e9 les repr\u00e9sentants des branches de la SHIF, du Centre scientifique national pour le d\u00e9veloppement de la sant\u00e9 et du Centre national de sant\u00e9 publique. L&#8217;objectif du s\u00e9minaire \u00e9tait de pr\u00e9senter des solutions possibles aux probl\u00e8mes de financement du syst\u00e8me de soins de sant\u00e9.<\/p>\n<p>Des repr\u00e9sentants de l&#8217;<a href=\"https:\/\/www.ehess.fr\/fr\">\u00c9cole fran\u00e7aise de sant\u00e9 publique<\/a> &#8211; <strong>Samuel Hillier, Jean-Marie Andre et Muriel Bochet<\/strong>&#8211; ont pr\u00e9sent\u00e9 les approches du financement des soins de sant\u00e9 en France et ont parl\u00e9 des derni\u00e8res mises \u00e0 jour du syst\u00e8me d&#8217;assurance maladie en France et dans d&#8217;autres pays de l&#8217;UE.<\/p>\n<p>Ces activit\u00e9s de collaboration contribuent \u00e0 l&#8217;\u00e9change de connaissances et d&#8217;exp\u00e9riences et au renforcement de la coop\u00e9ration internationale en mati\u00e8re de financement des soins de sant\u00e9. SHIF y voit une contribution potentielle au d\u00e9veloppement du syst\u00e8me d&#8217;assurance maladie obligatoire au Kazakhstan et esp\u00e8re que cette visite permettra de d\u00e9velopper davantage la coop\u00e9ration avec l&#8217;\u00c9cole fran\u00e7aise de sant\u00e9 publique. Auparavant, SHIF a \u00e9chang\u00e9 des exp\u00e9riences avec des repr\u00e9sentants du syst\u00e8me d&#8217;assurance maladie de la R\u00e9publique de Lituanie.<\/p>\n<p>[\/et_pb_text][et_pb_text admin_label=&#8221;TO BE EDITED &#8211; TEXT OF THE NEWS &#8211; BLOCK 2 &#8211; Click on the WHEEL icon to open the textarea where you can paste or type your news. PLEASE USE ONLY THE FEATURED IMAGE FUNCTION on your right column to add the image.&#8221; _builder_version=&#8221;4.21.0&#8243; _module_preset=&#8221;default&#8221; global_colors_info=&#8221;{}&#8221;][\/et_pb_text][\/et_pb_column][\/et_pb_row][\/et_pb_section]<\/p>\n","protected":false},"excerpt":{"rendered":"<p>Lors de la visite de la d\u00e9l\u00e9gation de l&#8217;\u00c9cole fran\u00e7aise de sant\u00e9 publique, Abylkair Skakov, directeur g\u00e9n\u00e9ral de la Caisse d&#8217;assurance maladie sociale (SHIF), a soulign\u00e9 l&#8217;importance du renforcement des capacit\u00e9s du personnel dans le cadre d&#8217;une collaboration potentielle avec les coll\u00e8gues fran\u00e7ais et d&#8217;\u00e9ventuelles \u00e9tudes conjointes sur la gestion du syst\u00e8me de sant\u00e9.L&#8217;organisation h\u00f4te&#8230;<\/p>\n","protected":false},"author":137,"featured_media":987709684,"comment_status":"closed","ping_status":"closed","template":"","meta":{"_et_pb_use_builder":"on","_et_pb_old_content":"","_et_gb_content_width":""},"categories":[],"tags":[2454,2847],"acf":[],"_links":{"self":[{"href":"https:\/\/p4h.world\/fr\/wp-json\/wp\/v2\/news\/987709691"}],"collection":[{"href":"https:\/\/p4h.world\/fr\/wp-json\/wp\/v2\/news"}],"about":[{"href":"https:\/\/p4h.world\/fr\/wp-json\/wp\/v2\/types\/news"}],"author":[{"embeddable":true,"href":"https:\/\/p4h.world\/fr\/wp-json\/wp\/v2\/users\/137"}],"replies":[{"embeddable":true,"href":"https:\/\/p4h.world\/fr\/wp-json\/wp\/v2\/comments?post=987709691"}],"version-history":[{"count":6,"href":"https:\/\/p4h.world\/fr\/wp-json\/wp\/v2\/news\/987709691\/revisions"}],"predecessor-version":[{"id":987709713,"href":"https:\/\/p4h.world\/fr\/wp-json\/wp\/v2\/news\/987709691\/revisions\/987709713"}],"wp:featuredmedia":[{"embeddable":true,"href":"https:\/\/p4h.world\/fr\/wp-json\/wp\/v2\/media\/987709684"}],"wp:attachment":[{"href":"https:\/\/p4h.world\/fr\/wp-json\/wp\/v2\/media?parent=987709691"}],"wp:term":[{"taxonomy":"category","embeddable":true,"href":"https:\/\/p4h.world\/fr\/wp-json\/wp\/v2\/categories?post=987709691"},{"taxonomy":"post_tag","embeddable":true,"href":"https:\/\/p4h.world\/fr\/wp-json\/wp\/v2\/tags?post=987709691"}],"curies":[{"name":"wp","href":"https:\/\/api.w.org\/{rel}","templated":true}]}}