{"id":987709843,"date":"2024-07-22T00:16:35","date_gmt":"2024-07-21T23:16:35","guid":{"rendered":"https:\/\/p4h.world\/?post_type=news&#038;p=987709843"},"modified":"2024-07-22T00:19:20","modified_gmt":"2024-07-21T23:19:20","slug":"acces-reciproque-aux-services-de-sante-gratuits-entre-la-bolivie-et-le-bresil","status":"publish","type":"news","link":"https:\/\/p4h.world\/fr\/news\/acces-reciproque-aux-services-de-sante-gratuits-entre-la-bolivie-et-le-bresil\/","title":{"rendered":"Acc\u00e8s r\u00e9ciproque aux services de sant\u00e9 gratuits entre la Bolivie et le Br\u00e9sil"},"content":{"rendered":"<p>[et_pb_section fb_built=&#8221;1&#8243; admin_label=&#8221;\u00a1\u00a1\u00a1!!! \u00a1\u00a1\u00a1POR FAVOR NO EDITAR !!!&#8221; _builder_version=&#8221;4.19.5&#8243; _module_preset=&#8221;default&#8221; global_colors_info=&#8221;{}&#8221;][et_pb_row admin_label=&#8221;! !!<br \/>\nNE PAS MODIFIER ! !! &#8221; _builder_version=&#8221;4.19.5&#8243; _module_preset=&#8221;default&#8221; global_colors_info=&#8221;{}&#8221;][et_pb_column type=&#8221;4_4&#8243; _builder_version=&#8221;4.19.5&#8243; _module_preset=&#8221;default&#8221; global_colors_info=&#8221;{}&#8221;][et_pb_text admin_label=&#8221;TO BE EDITED &#8211; SUMMARY &#8211; Click on the WHEEL icon to open the textarea where you can paste or type your summary. Summary should be in bold and 250-300 characters. The counter at the bottom can help.&#8221; _builder_version=&#8221;4.21.0&#8243; _module_preset=&#8221;default&#8221; custom_padding=&#8221;||20px||false|false&#8221; global_colors_info=&#8221;{}&#8221;]<\/p>\n<p><strong>En pr\u00e9sence des chefs d&#8217;\u00c9tat bolivien et br\u00e9silien, un protocole d&#8217;intention a \u00e9t\u00e9 sign\u00e9 pour \u00e9tablir un acc\u00e8s r\u00e9ciproque \u00e0 des services de sant\u00e9 gratuits entre les deux pays.<\/strong><\/p>\n<p>[\/et_pb_text][et_pb_text admin_label=&#8221;TO BE EDITED &#8211; TEXT OF THE NEWS &#8211; Click on the WHEEL icon to open the textarea where you can paste or type your news. PLEASE USE THE USE ONLY THE FEATURED IMAGE FUNCTION on your right column to add the image.&#8221; _builder_version=&#8221;4.21.0&#8243; _module_preset=&#8221;default&#8221; global_colors_info=&#8221;{}&#8221;]<\/p>\n<p>Les ministres de la sant\u00e9 <a href=\"https:\/\/p4h.world\/fr\/countries\/bolivie-etat-plurinational-de\/\">bolivien<\/a> et <a href=\"https:\/\/p4h.world\/fr\/countries\/bresil\/\">br\u00e9silien<\/a> ont sign\u00e9 le protocole d&#8217;intention qui permettra l&#8217;acc\u00e8s r\u00e9ciproque aux services de sant\u00e9 gratuits pour les citoyens des deux pays. Ils ont convenu de mettre en place des \u00e9quipes de travail binationales dans le but de garantir l&#8217;acc\u00e8s aux soins de sant\u00e9 pour faire face aux urgences, aux maladies transmissibles et aux maladies chroniques. Il vise \u00e9galement \u00e0 promouvoir les transferts scientifiques et technologiques.<\/p>\n<p>Le ministre bolivien de la sant\u00e9 et des sports a d\u00e9clar\u00e9 que cet accord marque une \u00e9tape importante dans la coop\u00e9ration bilat\u00e9rale et promet d&#8217;importants avantages pour les Boliviens vivant au Br\u00e9sil et les Br\u00e9siliens r\u00e9sidant en Bolivie.<\/p>\n<p>[\/et_pb_text][\/et_pb_column][\/et_pb_row][\/et_pb_section]<\/p>\n","protected":false},"excerpt":{"rendered":"<p>En pr\u00e9sence des chefs d&#8217;\u00c9tat bolivien et br\u00e9silien, un protocole d&#8217;intention a \u00e9t\u00e9 sign\u00e9 pour \u00e9tablir un acc\u00e8s r\u00e9ciproque \u00e0 des services de sant\u00e9 gratuits entre les deux pays.Les ministres de la sant\u00e9 bolivien et br\u00e9silien ont sign\u00e9 le protocole d&#8217;intention qui permettra l&#8217;acc\u00e8s r\u00e9ciproque aux services de sant\u00e9 gratuits pour les citoyens des deux&#8230;<\/p>\n","protected":false},"author":1283,"featured_media":987709827,"comment_status":"closed","ping_status":"closed","template":"","meta":{"_et_pb_use_builder":"on","_et_pb_old_content":"","_et_gb_content_width":""},"categories":[],"tags":[3025],"acf":[],"_links":{"self":[{"href":"https:\/\/p4h.world\/fr\/wp-json\/wp\/v2\/news\/987709843"}],"collection":[{"href":"https:\/\/p4h.world\/fr\/wp-json\/wp\/v2\/news"}],"about":[{"href":"https:\/\/p4h.world\/fr\/wp-json\/wp\/v2\/types\/news"}],"author":[{"embeddable":true,"href":"https:\/\/p4h.world\/fr\/wp-json\/wp\/v2\/users\/1283"}],"replies":[{"embeddable":true,"href":"https:\/\/p4h.world\/fr\/wp-json\/wp\/v2\/comments?post=987709843"}],"version-history":[{"count":7,"href":"https:\/\/p4h.world\/fr\/wp-json\/wp\/v2\/news\/987709843\/revisions"}],"predecessor-version":[{"id":987709859,"href":"https:\/\/p4h.world\/fr\/wp-json\/wp\/v2\/news\/987709843\/revisions\/987709859"}],"wp:featuredmedia":[{"embeddable":true,"href":"https:\/\/p4h.world\/fr\/wp-json\/wp\/v2\/media\/987709827"}],"wp:attachment":[{"href":"https:\/\/p4h.world\/fr\/wp-json\/wp\/v2\/media?parent=987709843"}],"wp:term":[{"taxonomy":"category","embeddable":true,"href":"https:\/\/p4h.world\/fr\/wp-json\/wp\/v2\/categories?post=987709843"},{"taxonomy":"post_tag","embeddable":true,"href":"https:\/\/p4h.world\/fr\/wp-json\/wp\/v2\/tags?post=987709843"}],"curies":[{"name":"wp","href":"https:\/\/api.w.org\/{rel}","templated":true}]}}