{"id":987736552,"date":"2024-12-03T10:22:47","date_gmt":"2024-12-03T09:22:47","guid":{"rendered":"https:\/\/p4h.world\/?post_type=news&#038;p=987736552"},"modified":"2024-12-03T10:23:03","modified_gmt":"2024-12-03T09:23:03","slug":"licamo-plaide-pour-la-vulgarisation-de-lobligation-daffilier-les-travailleurs-a-lipm","status":"publish","type":"news","link":"https:\/\/p4h.world\/fr\/news\/licamo-plaide-pour-la-vulgarisation-de-lobligation-daffilier-les-travailleurs-a-lipm\/","title":{"rendered":"L\u2019ICAMO plaide pour la vulgarisation de l\u2019obligation d\u2019affilier les travailleurs \u00e0 l\u2019IPM"},"content":{"rendered":"<p>[et_pb_section fb_built=&#8221;1&#8243; admin_label=&#8221;! !! NE PAS MODIFIER ! !! &#8221; _builder_version=&#8221;4.19.5&#8243; _module_preset=&#8221;default&#8221; global_colors_info=&#8221;{}&#8221;][et_pb_row admin_label=&#8221;!!! PLEASE DO NOT EDIT !!!&#8221; _builder_version=&#8221;4.19.5&#8243; _module_preset=&#8221;default&#8221; global_colors_info=&#8221;{}&#8221;][et_pb_column type=&#8221;4_4&#8243; _builder_version=&#8221;4.19.5&#8243; _module_preset=&#8221;default&#8221; global_colors_info=&#8221;{}&#8221;][et_pb_text admin_label=&#8221;TO BE EDITED &#8211; SUMMARY &#8211; Click on the WHEEL icon to open the textarea where you can paste or type your summary. The summary condenses the main points for the news that starts below. The summary is in bold and not longer than 300 characters, including spaces. The counter at the bottom can help.&#8221; _builder_version=&#8221;4.21.0&#8243; _module_preset=&#8221;default&#8221; custom_padding=&#8221;||20px||false|false&#8221; global_colors_info=&#8221;{}&#8221;]<\/p>\n<p style=\"font-weight: 400;\"><strong>Pr\u00e8s de 3000 entreprises n\u2019ont pas affili\u00e9 leurs employ\u00e9s aux Institutions de Pr\u00e9voyance Maladie (IPM) du S\u00e9n\u00e9gal, a r\u00e9v\u00e9l\u00e9 la directrice de l\u2019Institution de coordination de l\u2019assurance maladie obligatoire (ICAMO), Marie Rosalie Ngom Coly.\u00a0<\/strong><\/p>\n<p>[\/et_pb_text][et_pb_text admin_label=&#8221;TO BE EDITED &#8211; TEXT OF THE NEWS &#8211; BLOCK 1 &#8211; Click on the WHEEL icon to open the textarea where you can paste or type your news. PLEASE USE ONLY THE FEATURED IMAGE FUNCTION on your right column to add the image.&#8221; _builder_version=&#8221;4.21.0&#8243; _module_preset=&#8221;default&#8221; custom_padding=&#8221;||1em||false|false&#8221; global_colors_info=&#8221;{}&#8221;]<\/p>\n<blockquote>\n<p style=\"font-weight: 400;\">\u201cDe mani\u00e8re g\u00e9n\u00e9rale au S\u00e9n\u00e9gal, pr\u00e8s de 3000 entreprises n\u2019ont pas affili\u00e9 leurs employ\u00e9s aux IPM (Institutions de Pr\u00e9voyance Maladie). Toutes les entreprises ne respectent pas encore cette obligation d\u2019affilier leurs employ\u00e9s.\u201d<\/p>\n<\/blockquote>\n<p style=\"font-weight: 400;\"><strong>\u00a0<\/strong>Marie Rosalie Ngom Coly \u00a0s\u2019exprimait\u00a0 ainsi lors d\u2019un d\u00e9jeuner de presse organis\u00e9 par l\u2019ICAMO \u00e0 l\u2019intention de l\u2019Association des journalistes en sant\u00e9 population et d\u00e9veloppement (AJSPD).\u00a0<\/p>\n<p style=\"font-weight: 400;\">Toujours selon elle, en termes de statistiques, le dernier rapport qui a \u00e9t\u00e9 produit et qui date de 2022 affiche un nombre de pr\u00e8s de 4000 entreprises adh\u00e9rant aux IPM au <a href=\"https:\/\/p4h.world\/fr\/countries\/senegal\/\">S\u00e9n\u00e9gal<\/a>. Et c\u2019est pour lutter contre l\u2019\u00e9vasion sociale que l\u2019ICAMO a mis en place un programme de lutte contre l\u2019\u00e9vasion sociale en privil\u00e9giant la sensibilisation, pour utiliser la presse comme relais, mais aussi discuter avec les associations des ressources pour comprendre le contenu des textes.\u00a0\u00a0<br \/>La directrice de l\u2019ICAMO a aussi r\u00e9v\u00e9l\u00e9 aux journalistes qu\u2019une \u00e9tude de ciblage qui consiste \u00e0 comparer les bases de donn\u00e9es, a d\u00e9montr\u00e9 que 3000 entreprises sont affili\u00e9es \u00e0 l\u2019IPRES (Institution de Pr\u00e9voyance Retraites du S\u00e9n\u00e9gal) mais pas \u00e0 l\u2019IPM. Des inspecteurs du travail et de la s\u00e9curit\u00e9 sociale seront charg\u00e9s de descendre sur le terrain pour faire le contr\u00f4le des entreprises d\u00e9tect\u00e9es et r\u00e9parties par r\u00e9gion pour rappeler le caract\u00e8re obligatoire de l\u2019affiliation des travailleurs \u00e0 l\u2019IPM.\u00a0\u00a0<br \/>Ainsi, elle esp\u00e8re qu&#8217;\u00e0\u00a0l\u2019issue de ces\u00a0contr\u00f4les\u00a0cibl\u00e9s, la majorit\u00e9 des entreprises du S\u00e9n\u00e9gal vont enfin respecter l\u2019obligation d\u2019affilier leur travailleur \u00e0 une IPM au\u00a0m\u00eame\u00a0titre que leur affiliation \u00e0 la caisse de s\u00e9curit\u00e9 sociale et \u00e0 l\u2019IPRES.\u00a0<\/p>\n<p>[\/et_pb_text][et_pb_text admin_label=&#8221;TO BE EDITED &#8211; TEXT OF THE NEWS &#8211; BLOCK 2 &#8211; Click on the WHEEL icon to open the textarea where you can paste or type your news. PLEASE USE ONLY THE FEATURED IMAGE FUNCTION on your right column to add the image.&#8221; _builder_version=&#8221;4.21.0&#8243; _module_preset=&#8221;default&#8221; global_colors_info=&#8221;{}&#8221;][\/et_pb_text][\/et_pb_column][\/et_pb_row][\/et_pb_section]<\/p>\n","protected":false},"excerpt":{"rendered":"<p>Pr\u00e8s de 3000 entreprises n\u2019ont pas affili\u00e9 leurs employ\u00e9s aux Institutions de Pr\u00e9voyance Maladie (IPM) du S\u00e9n\u00e9gal, a r\u00e9v\u00e9l\u00e9 la directrice de l\u2019Institution de coordination de l\u2019assurance maladie obligatoire (ICAMO), Marie Rosalie Ngom Coly.\u00a0\u201cDe mani\u00e8re g\u00e9n\u00e9rale au S\u00e9n\u00e9gal, pr\u00e8s de 3000 entreprises n\u2019ont pas affili\u00e9 leurs employ\u00e9s aux IPM (Institutions de Pr\u00e9voyance Maladie). Toutes les&#8230;<\/p>\n","protected":false},"author":1633,"featured_media":987736557,"comment_status":"closed","ping_status":"closed","template":"","meta":{"_et_pb_use_builder":"on","_et_pb_old_content":"","_et_gb_content_width":""},"categories":[],"tags":[2632,2363],"acf":[],"_links":{"self":[{"href":"https:\/\/p4h.world\/fr\/wp-json\/wp\/v2\/news\/987736552"}],"collection":[{"href":"https:\/\/p4h.world\/fr\/wp-json\/wp\/v2\/news"}],"about":[{"href":"https:\/\/p4h.world\/fr\/wp-json\/wp\/v2\/types\/news"}],"author":[{"embeddable":true,"href":"https:\/\/p4h.world\/fr\/wp-json\/wp\/v2\/users\/1633"}],"replies":[{"embeddable":true,"href":"https:\/\/p4h.world\/fr\/wp-json\/wp\/v2\/comments?post=987736552"}],"version-history":[{"count":9,"href":"https:\/\/p4h.world\/fr\/wp-json\/wp\/v2\/news\/987736552\/revisions"}],"predecessor-version":[{"id":987736585,"href":"https:\/\/p4h.world\/fr\/wp-json\/wp\/v2\/news\/987736552\/revisions\/987736585"}],"wp:featuredmedia":[{"embeddable":true,"href":"https:\/\/p4h.world\/fr\/wp-json\/wp\/v2\/media\/987736557"}],"wp:attachment":[{"href":"https:\/\/p4h.world\/fr\/wp-json\/wp\/v2\/media?parent=987736552"}],"wp:term":[{"taxonomy":"category","embeddable":true,"href":"https:\/\/p4h.world\/fr\/wp-json\/wp\/v2\/categories?post=987736552"},{"taxonomy":"post_tag","embeddable":true,"href":"https:\/\/p4h.world\/fr\/wp-json\/wp\/v2\/tags?post=987736552"}],"curies":[{"name":"wp","href":"https:\/\/api.w.org\/{rel}","templated":true}]}}