{"id":987750528,"date":"2024-11-06T22:08:08","date_gmt":"2024-11-06T21:08:08","guid":{"rendered":"https:\/\/p4h.world\/?post_type=news&#038;p=987750528"},"modified":"2025-01-18T22:31:24","modified_gmt":"2025-01-18T21:31:24","slug":"en-2025-les-depenses-publiques-albanaises-en-matiere-de-sante-devraient-etre-superieures-de-5-a-celles-de-2024","status":"publish","type":"news","link":"https:\/\/p4h.world\/fr\/news\/en-2025-les-depenses-publiques-albanaises-en-matiere-de-sante-devraient-etre-superieures-de-5-a-celles-de-2024\/","title":{"rendered":"En 2025, les d\u00e9penses publiques albanaises en mati\u00e8re de sant\u00e9 devraient \u00eatre sup\u00e9rieures de 5 % \u00e0 celles de 2024."},"content":{"rendered":"<p>[et_pb_section fb_built=&#8221;1&#8243; admin_label=&#8221;! !! N&#039;\u00c9DITEZ PAS ! !! &#8221; _builder_version=&#8221;4.19.5&#8243; _module_preset=&#8221;default&#8221; global_colors_info=&#8221;{}&#8221;][et_pb_row admin_label=&#8221;!!! PLEASE DO NOT EDIT !!!&#8221; _builder_version=&#8221;4.19.5&#8243; _module_preset=&#8221;default&#8221; global_colors_info=&#8221;{}&#8221;][et_pb_column type=&#8221;4_4&#8243; _builder_version=&#8221;4.19.5&#8243; _module_preset=&#8221;default&#8221; global_colors_info=&#8221;{}&#8221;][et_pb_text admin_label=&#8221;TO BE EDITED &#8211; SUMMARY &#8211; Click on the WHEEL icon to open the textarea where you can paste or type your summary. The summary condenses the main points for the news that starts below. The summary is in bold and not longer than 300 characters, including spaces. The counter at the bottom can help.&#8221; _builder_version=&#8221;4.21.0&#8243; _module_preset=&#8221;default&#8221; custom_padding=&#8221;||20px||false|false&#8221; global_colors_info=&#8221;{}&#8221;]<\/p>\n<p><strong>Le projet de budget pour 2025, pr\u00e9sent\u00e9 par le ministre albanais de la sant\u00e9 et de la protection sociale, est en hausse de 5% pour 2025, atteignant 103 milliards et 375 millions d&#8217;ALL. Le budget du minist\u00e8re de la sant\u00e9 repr\u00e9sentera 9,8 % des d\u00e9penses g\u00e9n\u00e9rales. <\/strong><\/p>\n<p>[\/et_pb_text][et_pb_text admin_label=&#8221;TO BE EDITED &#8211; TEXT OF THE NEWS &#8211; BLOCK 1 &#8211; Click on the WHEEL icon to open the textarea where you can paste or type your news. PLEASE USE ONLY THE FEATURED IMAGE FUNCTION on your right column to add the image.&#8221; _builder_version=&#8221;4.21.0&#8243; _module_preset=&#8221;default&#8221; custom_padding=&#8221;||1em||false|false&#8221; global_colors_info=&#8221;{}&#8221;]<\/p>\n<p>En 2025, le minist\u00e8re des Finances a allou\u00e9 80,7 milliards d&#8217;ALL \u00e0 la sant\u00e9, ce qui repr\u00e9sente une augmentation par rapport aux 77,9 milliards d&#8217;ALL allou\u00e9s en 2024, et 9,8 % des d\u00e9penses budg\u00e9taires totales qui s&#8217;\u00e9l\u00e8vent \u00e0 822 milliards d&#8217;ALL.<\/p>\n<p>Sur cette enveloppe, 39,4 milliards d&#8217;ALL, soit pr\u00e8s de la moiti\u00e9 du budget de la sant\u00e9, seront consacr\u00e9s aux services de soins secondaires, principalement aux h\u00f4pitaux, ce qui repr\u00e9sente une augmentation de 6,81 % de leur financement. Les services de soins primaires, qui comprennent les m\u00e9decins de famille et les m\u00e9decins sp\u00e9cialis\u00e9s dans les polycliniques, b\u00e9n\u00e9ficieront d&#8217;une augmentation budg\u00e9taire significative de 29,75 % afin d&#8217;am\u00e9liorer l&#8217;accessibilit\u00e9 et la qualit\u00e9. <\/p>\n<p>En outre, le financement des initiatives de sant\u00e9 publique visant \u00e0 pr\u00e9venir les maladies et \u00e0 promouvoir la sant\u00e9 augmentera. En revanche, le financement des soins sociaux \u00e0 partir du budget de la sant\u00e9 est fix\u00e9 \u00e0 27,5 milliards d&#8217;ALL, soit une baisse de 7,26 % par rapport \u00e0 2024. <\/p>\n<p>[\/et_pb_text][et_pb_text admin_label=&#8221;TO BE EDITED &#8211; TEXT OF THE NEWS &#8211; BLOCK 2 &#8211; Click on the WHEEL icon to open the textarea where you can paste or type your news. PLEASE USE ONLY THE FEATURED IMAGE FUNCTION on your right column to add the image.&#8221; _builder_version=&#8221;4.21.0&#8243; _module_preset=&#8221;default&#8221; global_colors_info=&#8221;{}&#8221;][\/et_pb_text][\/et_pb_column][\/et_pb_row][\/et_pb_section]<\/p>\n","protected":false},"excerpt":{"rendered":"<p>Le projet de budget pour 2025, pr\u00e9sent\u00e9 par le ministre albanais de la sant\u00e9 et de la protection sociale, est en hausse de 5% pour 2025, atteignant 103 milliards et 375 millions d&#8217;ALL. Le budget du minist\u00e8re de la sant\u00e9 repr\u00e9sentera 9,8 % des d\u00e9penses g\u00e9n\u00e9rales. En 2025, le minist\u00e8re des Finances a allou\u00e9 80,7&#8230;<\/p>\n","protected":false},"author":137,"featured_media":987750522,"comment_status":"closed","ping_status":"closed","template":"","meta":{"_et_pb_use_builder":"on","_et_pb_old_content":"","_et_gb_content_width":""},"categories":[],"tags":[2833,2473],"acf":[],"_links":{"self":[{"href":"https:\/\/p4h.world\/fr\/wp-json\/wp\/v2\/news\/987750528"}],"collection":[{"href":"https:\/\/p4h.world\/fr\/wp-json\/wp\/v2\/news"}],"about":[{"href":"https:\/\/p4h.world\/fr\/wp-json\/wp\/v2\/types\/news"}],"author":[{"embeddable":true,"href":"https:\/\/p4h.world\/fr\/wp-json\/wp\/v2\/users\/137"}],"replies":[{"embeddable":true,"href":"https:\/\/p4h.world\/fr\/wp-json\/wp\/v2\/comments?post=987750528"}],"version-history":[{"count":6,"href":"https:\/\/p4h.world\/fr\/wp-json\/wp\/v2\/news\/987750528\/revisions"}],"predecessor-version":[{"id":987750547,"href":"https:\/\/p4h.world\/fr\/wp-json\/wp\/v2\/news\/987750528\/revisions\/987750547"}],"wp:featuredmedia":[{"embeddable":true,"href":"https:\/\/p4h.world\/fr\/wp-json\/wp\/v2\/media\/987750522"}],"wp:attachment":[{"href":"https:\/\/p4h.world\/fr\/wp-json\/wp\/v2\/media?parent=987750528"}],"wp:term":[{"taxonomy":"category","embeddable":true,"href":"https:\/\/p4h.world\/fr\/wp-json\/wp\/v2\/categories?post=987750528"},{"taxonomy":"post_tag","embeddable":true,"href":"https:\/\/p4h.world\/fr\/wp-json\/wp\/v2\/tags?post=987750528"}],"curies":[{"name":"wp","href":"https:\/\/api.w.org\/{rel}","templated":true}]}}